{"id":1489,"date":"2020-10-19T16:02:42","date_gmt":"2020-10-19T19:02:42","guid":{"rendered":"http:\/\/vocesdellangueyu.com.ar\/?p=1489"},"modified":"2020-10-19T16:12:28","modified_gmt":"2020-10-19T19:12:28","slug":"las-escuelas-estarian-listas-para-un-posible-regreso-de-las-clases-presenciales-a-partir-del-proximo-lunes","status":"publish","type":"post","link":"https:\/\/vdl-dev.coodesoft.com.ar\/index.php\/2020\/10\/19\/las-escuelas-estarian-listas-para-un-posible-regreso-de-las-clases-presenciales-a-partir-del-proximo-lunes\/","title":{"rendered":"LAS ESCUELAS ESTAR\u00cdAN LISTAS PARA UN POSIBLE REGRESO DE LAS CLASES PRESENCIALES A PARTIR DEL PR\u00d3XIMO LUNES"},"content":{"rendered":"\n<p>El Plan Jurisdiccional que\nlas autoridades educativas del Gobierno Bonaerense establecieron para la vuelta\nde las clases presenciales, indica como fecha tentativa para el reinicio el\nlunes 26 de este mes. <\/p>\n\n\n\n<figure class=\"wp-block-audio\"><audio controls src=\"https:\/\/vocesdellangueyu.com.ar\/wp-content\/uploads\/2020\/10\/19-10-Laborde-Primera-parte0.mp3\"><\/audio><figcaption>Mar\u00eda Laborde, Presidenta del Consejo Escolar de Rauch<\/figcaption><\/figure>\n\n\n\n<figure class=\"wp-block-audio\"><audio controls src=\"https:\/\/vocesdellangueyu.com.ar\/wp-content\/uploads\/2020\/10\/19-10-Laborde-segunda-parte0.mp3\"><\/audio><figcaption>Mar\u00eda Laborde, Presidenta del Consejo Escolar de Rauch<\/figcaption><\/figure>\n\n\n\n<figure class=\"wp-block-audio\"><audio controls src=\"https:\/\/vocesdellangueyu.com.ar\/wp-content\/uploads\/2020\/10\/19-10-Laborde-tercera-parte0.mp3\"><\/audio><figcaption>Mar\u00eda Laborde, Presidenta del Consejo Escolar de Rauch<\/figcaption><\/figure>\n\n\n\n<p>Las autoridades educativas\nhan aclarado que s\u00f3lo es un posible punto de partida y que su concreci\u00f3n\ndepender\u00e1 de conseguir que las escuelas sean seguras para toda la comunidad\neducativa.<\/p>\n\n\n\n<p>Adem\u00e1s en principio alcanza a\nlos estudiantes de los \u00faltimos a\u00f1os de los ciclos Primario y Secundario que no\nhayan tenido un contacto fluido con los contenidos pedag\u00f3gicos durante la etapa\nde la educaci\u00f3n virtual.<\/p>\n\n\n\n<p>Mar\u00eda Laborde, Presidenta del\nConsejo Escolar y del Comit\u00e9 Mixto de Salud y Educaci\u00f3n, confirm\u00f3 que durante\nesta semana se realizar\u00e1n todas las tareas para acondicionar las escuelas, \u201clo\nprimero que se debe tener en cuenta son los cinco puntos que marcan como condiciones\nde infraestructura edilicia que cada instituci\u00f3n debe cumplir para que puedan\nabrir sus puertas, son disponibilidad de agua, funcionamiento de los servicios\nsanitarios (ba\u00f1os) ventilaci\u00f3n eficiente en los ambientes, sistema de\ncalefacci\u00f3n y el sistema el\u00e9ctrico y de gas\u201d.<\/p>\n\n\n\n<p>Al tener m\u00e1s de 6 meses\ncerradas las escuelas se debe hacer una limpieza de todos los ambientes que la\nrealizar\u00e1n los auxiliares, esta semana las instituciones contar\u00e1n con los kits\nde limpieza.<\/p>\n\n\n\n<p>Laborde expres\u00f3 que los\nedificios escolares del Partido podr\u00edan estar en condiciones para que la semana\nque viene puedan retornar las clases presenciales, aunque explic\u00f3 que uno de\nlos aspectos que no se podr\u00e1n completar ser\u00e1 el an\u00e1lisis bacteriol\u00f3gico del\nagua en las escuelas.<\/p>\n\n\n\n<p>La titular del cuerpo expres\u00f3\nque la determinaci\u00f3n de volver a la presencialidad en el dictado de clases se\nda justo en el momento del inicio de los contagios de coronavirus en Rauch, por\nlo que se est\u00e1 trabajando seriamente para garantizar que ello se d\u00e9 con las mayores\nmedidas de seguridad, \u201ctenemos varias semanas de trabajo, creo que van a estar\ndadas las condiciones para poder volver pero tambi\u00e9n va a depender de las condici\u00f3n\nsanitarias que tengamos en Rauch, vamos a tener una evaluaci\u00f3n con la mesa de\nemergencia para tener un regreso seguro\u201d.<\/p>\n","protected":false},"excerpt":{"rendered":"<p>El Plan Jurisdiccional que las autoridades educativas del Gobierno Bonaerense establecieron para la vuelta de las clases presenciales, indica como fecha tentativa para el reinicio el lunes 26 de este mes. Las autoridades educativas han aclarado que s\u00f3lo es un posible punto de partida y que su concreci\u00f3n depender\u00e1 de conseguir que las escuelas sean [&hellip;]<\/p>\n","protected":false},"author":4,"featured_media":1310,"comment_status":"open","ping_status":"open","sticky":false,"template":"","format":"standard","meta":{"spay_email":"","jetpack_publicize_message":""},"categories":[17,11,13],"tags":[],"jetpack_featured_media_url":"https:\/\/vdl-dev.coodesoft.com.ar\/wp-content\/uploads\/2020\/09\/laborde.jpeg","jetpack_publicize_connections":[],"jetpack_sharing_enabled":true,"jetpack_shortlink":"https:\/\/wp.me\/paQJuC-o1","_links":{"self":[{"href":"https:\/\/vdl-dev.coodesoft.com.ar\/index.php\/wp-json\/wp\/v2\/posts\/1489"}],"collection":[{"href":"https:\/\/vdl-dev.coodesoft.com.ar\/index.php\/wp-json\/wp\/v2\/posts"}],"about":[{"href":"https:\/\/vdl-dev.coodesoft.com.ar\/index.php\/wp-json\/wp\/v2\/types\/post"}],"author":[{"embeddable":true,"href":"https:\/\/vdl-dev.coodesoft.com.ar\/index.php\/wp-json\/wp\/v2\/users\/4"}],"replies":[{"embeddable":true,"href":"https:\/\/vdl-dev.coodesoft.com.ar\/index.php\/wp-json\/wp\/v2\/comments?post=1489"}],"version-history":[{"count":2,"href":"https:\/\/vdl-dev.coodesoft.com.ar\/index.php\/wp-json\/wp\/v2\/posts\/1489\/revisions"}],"predecessor-version":[{"id":1495,"href":"https:\/\/vdl-dev.coodesoft.com.ar\/index.php\/wp-json\/wp\/v2\/posts\/1489\/revisions\/1495"}],"wp:featuredmedia":[{"embeddable":true,"href":"https:\/\/vdl-dev.coodesoft.com.ar\/index.php\/wp-json\/wp\/v2\/media\/1310"}],"wp:attachment":[{"href":"https:\/\/vdl-dev.coodesoft.com.ar\/index.php\/wp-json\/wp\/v2\/media?parent=1489"}],"wp:term":[{"taxonomy":"category","embeddable":true,"href":"https:\/\/vdl-dev.coodesoft.com.ar\/index.php\/wp-json\/wp\/v2\/categories?post=1489"},{"taxonomy":"post_tag","embeddable":true,"href":"https:\/\/vdl-dev.coodesoft.com.ar\/index.php\/wp-json\/wp\/v2\/tags?post=1489"}],"curies":[{"name":"wp","href":"https:\/\/api.w.org\/{rel}","templated":true}]}}