{"id":1641,"date":"2020-11-06T17:28:56","date_gmt":"2020-11-06T20:28:56","guid":{"rendered":"http:\/\/vocesdellangueyu.com.ar\/?p=1641"},"modified":"2020-11-06T17:29:33","modified_gmt":"2020-11-06T20:29:33","slug":"covid-19-por-la-baja-de-los-contagios-confirmaron-mayores-aperturas-el-cuidado-de-la-salud-es-un-valor-esencial","status":"publish","type":"post","link":"https:\/\/vdl-dev.coodesoft.com.ar\/index.php\/2020\/11\/06\/covid-19-por-la-baja-de-los-contagios-confirmaron-mayores-aperturas-el-cuidado-de-la-salud-es-un-valor-esencial\/","title":{"rendered":"COVID 19: POR LA BAJA DE LOS CONTAGIOS CONFIRMARON MAYORES APERTURAS \u201cEL CUIDADO DE LA SALUD ES UN VALOR ESENCIAL\u201d"},"content":{"rendered":"\n<p>Las medidas\nsanitarias que va&nbsp; tomando la Mesa de\nEmergencia local en el marco de la pandemia por coronavirus tienden a aflojar\nlas pol\u00edticas restrictivas en varios \u00e1mbitos.<\/p>\n\n\n\n<figure class=\"wp-block-audio\"><audio controls src=\"https:\/\/vocesdellangueyu.com.ar\/wp-content\/uploads\/2020\/11\/6-11-Maximiliano-Suescun-10.mp3\"><\/audio><figcaption>Maximiliano Suescun, Intendente Municipal<\/figcaption><\/figure>\n\n\n\n<figure class=\"wp-block-audio\"><audio controls src=\"https:\/\/vocesdellangueyu.com.ar\/wp-content\/uploads\/2020\/11\/6-11-Maximiliano-Suescun-20.mp3\"><\/audio><figcaption>Maximiliano Suescun, Intendente Municipal<\/figcaption><\/figure>\n\n\n\n<figure class=\"wp-block-audio\"><audio controls src=\"https:\/\/vocesdellangueyu.com.ar\/wp-content\/uploads\/2020\/11\/6-11-Maximiliano-Suescun-30.mp3\"><\/audio><figcaption>Maximiliano Suescun, Intendente Municipal<\/figcaption><\/figure>\n\n\n\n<p>As\u00ed se\ndesprende de los anuncios que hoy realizaron el Intendente Municipal\nMaximiliano Suescun, acompa\u00f1ado por las principales autoridades del \u00e1rea de\nSalud del Municipio entre otros.<\/p>\n\n\n\n<p>Entre otras\nmedidas, sobresalen la autorizaci\u00f3n a una mayor actividad econ\u00f3mica para los\nlocales gastron\u00f3micos (que podr\u00e1n recibir a clientes de grupos convivientes y\nno convivientes en el interior y el exterior), la realizaci\u00f3n de reuniones\nreligiosas de hasta 10 personas, las actividades de folklore, las pr\u00e1cticas de\nf\u00fatbol y jockey, las pruebas de Karting para pilotos locales y la utilizaci\u00f3n\ndel Natatorio Municipal.<\/p>\n\n\n\n<p>Las\nreuniones sociales podr\u00e1n realizarse los s\u00e1bados y domingos de 10 a 24 horas.\nEn el caso de las que involucren a personas de grupos familiares podr\u00e1n reunir\nhasta 10 personas, mientras que en los casos que no sean grupos convivientes,\nel l\u00edmite m\u00e1ximo ser\u00e1 de 6 personas.<\/p>\n\n\n\n<p>\u201cEs\nfundamental la protecci\u00f3n focalizada de nuestros adultos mayores, el al grupo\nque debemos cuidar\u201d.<\/p>\n\n\n\n<p>Tras una\nreuni\u00f3n que mantuvieron ayer con los comisionistas a Tandil, se acordaron\ntambi\u00e9n una serie de cambios en la forma de trabajo que les facilitar\u00e1 la\nlabor.<\/p>\n\n\n\n<p>Por ejemplo\npodr\u00e1n circular en Rauch aquellos que cuenten en Tandil con una persona que\nhaga los tr\u00e1mites all\u00ed, y los que ingresen a la vecina ciudad, podr\u00e1n hacer la\ndistribuci\u00f3n en nuestra ciudad sin tomar contacto con los clientes.<\/p>\n","protected":false},"excerpt":{"rendered":"<p>Las medidas sanitarias que va&nbsp; tomando la Mesa de Emergencia local en el marco de la pandemia por coronavirus tienden a aflojar las pol\u00edticas restrictivas en varios \u00e1mbitos. As\u00ed se desprende de los anuncios que hoy realizaron el Intendente Municipal Maximiliano Suescun, acompa\u00f1ado por las principales autoridades del \u00e1rea de Salud del Municipio entre otros. [&hellip;]<\/p>\n","protected":false},"author":4,"featured_media":1642,"comment_status":"open","ping_status":"open","sticky":false,"template":"","format":"standard","meta":{"spay_email":"","jetpack_publicize_message":""},"categories":[17,11,13],"tags":[],"jetpack_featured_media_url":"https:\/\/vdl-dev.coodesoft.com.ar\/wp-content\/uploads\/2020\/11\/maxi-conferencia.jpeg","jetpack_publicize_connections":[],"jetpack_sharing_enabled":true,"jetpack_shortlink":"https:\/\/wp.me\/paQJuC-qt","_links":{"self":[{"href":"https:\/\/vdl-dev.coodesoft.com.ar\/index.php\/wp-json\/wp\/v2\/posts\/1641"}],"collection":[{"href":"https:\/\/vdl-dev.coodesoft.com.ar\/index.php\/wp-json\/wp\/v2\/posts"}],"about":[{"href":"https:\/\/vdl-dev.coodesoft.com.ar\/index.php\/wp-json\/wp\/v2\/types\/post"}],"author":[{"embeddable":true,"href":"https:\/\/vdl-dev.coodesoft.com.ar\/index.php\/wp-json\/wp\/v2\/users\/4"}],"replies":[{"embeddable":true,"href":"https:\/\/vdl-dev.coodesoft.com.ar\/index.php\/wp-json\/wp\/v2\/comments?post=1641"}],"version-history":[{"count":2,"href":"https:\/\/vdl-dev.coodesoft.com.ar\/index.php\/wp-json\/wp\/v2\/posts\/1641\/revisions"}],"predecessor-version":[{"id":1647,"href":"https:\/\/vdl-dev.coodesoft.com.ar\/index.php\/wp-json\/wp\/v2\/posts\/1641\/revisions\/1647"}],"wp:featuredmedia":[{"embeddable":true,"href":"https:\/\/vdl-dev.coodesoft.com.ar\/index.php\/wp-json\/wp\/v2\/media\/1642"}],"wp:attachment":[{"href":"https:\/\/vdl-dev.coodesoft.com.ar\/index.php\/wp-json\/wp\/v2\/media?parent=1641"}],"wp:term":[{"taxonomy":"category","embeddable":true,"href":"https:\/\/vdl-dev.coodesoft.com.ar\/index.php\/wp-json\/wp\/v2\/categories?post=1641"},{"taxonomy":"post_tag","embeddable":true,"href":"https:\/\/vdl-dev.coodesoft.com.ar\/index.php\/wp-json\/wp\/v2\/tags?post=1641"}],"curies":[{"name":"wp","href":"https:\/\/api.w.org\/{rel}","templated":true}]}}