{"id":2314,"date":"2021-04-12T15:10:11","date_gmt":"2021-04-12T18:10:11","guid":{"rendered":"http:\/\/vocesdellangueyu.com.ar\/?p=2314"},"modified":"2021-04-12T15:10:16","modified_gmt":"2021-04-12T18:10:16","slug":"el-titular-de-la-region-sanitaria-desmintio-al-intendente-sobre-la-carencia-de-datos-de-la-vacunacion-en-rauch","status":"publish","type":"post","link":"https:\/\/vdl-dev.coodesoft.com.ar\/index.php\/2021\/04\/12\/el-titular-de-la-region-sanitaria-desmintio-al-intendente-sobre-la-carencia-de-datos-de-la-vacunacion-en-rauch\/","title":{"rendered":"EL TITULAR DE LA REGI\u00d3N SANITARIA DESMINTI\u00d3 AL INTENDENTE SOBRE LA CARENCIA DE DATOS DE LA VACUNACI\u00d3N EN RAUCH"},"content":{"rendered":"\n<p>El titular\nde la Regi\u00f3n Sanitaria IX Ramiro Borzi indic\u00f3 que envi\u00f3 la informaci\u00f3n que se\nle requiri\u00f3 por parte del Gobierno Municipal sobre algunos detalles de la\nmarcha de la vacunaci\u00f3n contra el coronavirus en Rauch.<\/p>\n\n\n\n<p>De esta\nforma el funcionario, m\u00e1ximo responsable de las decisiones pol\u00edticas en materia\nsanitaria en la zona, desminti\u00f3 los dichos del Intendente Municipal Maximiliano\nSuescun en la conferencia de prensa del pasado viernes.<\/p>\n\n\n\n<p>Suescun all\u00ed\ndijo que \u201cen Rauch no tenemos el dato de cu\u00e1ntas personas de m\u00e1s de 70 a\u00f1os se\nhan vacunado\u201d y asegur\u00f3 que la informaci\u00f3n la requiri\u00f3 al encargado local del\noperativo de vacunaci\u00f3n y al titular de la Regi\u00f3n Sanitaria, y que ninguno la\nsupo precisar.<\/p>\n\n\n\n<p>\u201cSab\u00eda\nparcialmente lo que dijo. La verdad que me sorprendi\u00f3 mucho. No es momento para\nentrar en pol\u00e9mica pero s\u00ed quiero hacer una aclaraci\u00f3n\u2026 esos datos que \u00e9l (por\nel Intendente) me pide, se los pas\u00e9. Es informaci\u00f3n que tiene que tener, en eso\ns\u00ed coincido con \u00e9l\u2026 lo que s\u00ed me llama poderosamente la atenci\u00f3n es que alguien\nun d\u00eda me pida datos, me diga que los va a analizar como me dijo por mensaje\nde&nbsp; texto, le mand\u00e9 dos capturas de pantalla,\ny posteriormente plantee esto\u2026\u201d explic\u00f3 Borzi esta ma\u00f1ana.<\/p>\n\n\n\n<p>Para\nratificar sus dichos dijo que \u201ctengo el chat con el Intendente\u201d que da cuenta\ndel di\u00e1logo y a\u00f1adi\u00f3 que hizo la aclaraci\u00f3n para \u201cponer la verdad sobre la\nmesa\u201d pero \u201cno quiero entrar en mayores pol\u00e9micas\u201d.<\/p>\n\n\n\n<p>\u201cHay que dar\nvuelta la p\u00e1gina y seguir adelante\u201d agreg\u00f3 Borzi, que se mostr\u00f3 m\u00e1s preocupado\npor avanzar con la vacunaci\u00f3n y tratar de aminorar el impacto de la segunda ola\ny la aparici\u00f3n de nuevas cepas, inclusive en la regi\u00f3n, como el caso de\nOlavarr\u00eda por ejemplo.<\/p>\n\n\n\n<p>Los datos\nque el Intendente Municipal Maximiliano Suescun reclam\u00f3, y que Borzi dijo\nhaberle enviado, indican que 1.263 personas mayores de 60 a\u00f1os ya est\u00e1n\nvacunadas en Rauch con una dosis y que hay otros alrededor de 2.650 que est\u00e1n\ninscriptos.<\/p>\n","protected":false},"excerpt":{"rendered":"<p>El titular de la Regi\u00f3n Sanitaria IX Ramiro Borzi indic\u00f3 que envi\u00f3 la informaci\u00f3n que se le requiri\u00f3 por parte del Gobierno Municipal sobre algunos detalles de la marcha de la vacunaci\u00f3n contra el coronavirus en Rauch. De esta forma el funcionario, m\u00e1ximo responsable de las decisiones pol\u00edticas en materia sanitaria en la zona, desminti\u00f3 [&hellip;]<\/p>\n","protected":false},"author":4,"featured_media":2315,"comment_status":"open","ping_status":"open","sticky":false,"template":"","format":"standard","meta":{"spay_email":"","jetpack_publicize_message":""},"categories":[17,11],"tags":[],"jetpack_featured_media_url":"https:\/\/vdl-dev.coodesoft.com.ar\/wp-content\/uploads\/2021\/04\/borzi-2.jpg","jetpack_publicize_connections":[],"jetpack_sharing_enabled":true,"jetpack_shortlink":"https:\/\/wp.me\/paQJuC-Bk","_links":{"self":[{"href":"https:\/\/vdl-dev.coodesoft.com.ar\/index.php\/wp-json\/wp\/v2\/posts\/2314"}],"collection":[{"href":"https:\/\/vdl-dev.coodesoft.com.ar\/index.php\/wp-json\/wp\/v2\/posts"}],"about":[{"href":"https:\/\/vdl-dev.coodesoft.com.ar\/index.php\/wp-json\/wp\/v2\/types\/post"}],"author":[{"embeddable":true,"href":"https:\/\/vdl-dev.coodesoft.com.ar\/index.php\/wp-json\/wp\/v2\/users\/4"}],"replies":[{"embeddable":true,"href":"https:\/\/vdl-dev.coodesoft.com.ar\/index.php\/wp-json\/wp\/v2\/comments?post=2314"}],"version-history":[{"count":1,"href":"https:\/\/vdl-dev.coodesoft.com.ar\/index.php\/wp-json\/wp\/v2\/posts\/2314\/revisions"}],"predecessor-version":[{"id":2316,"href":"https:\/\/vdl-dev.coodesoft.com.ar\/index.php\/wp-json\/wp\/v2\/posts\/2314\/revisions\/2316"}],"wp:featuredmedia":[{"embeddable":true,"href":"https:\/\/vdl-dev.coodesoft.com.ar\/index.php\/wp-json\/wp\/v2\/media\/2315"}],"wp:attachment":[{"href":"https:\/\/vdl-dev.coodesoft.com.ar\/index.php\/wp-json\/wp\/v2\/media?parent=2314"}],"wp:term":[{"taxonomy":"category","embeddable":true,"href":"https:\/\/vdl-dev.coodesoft.com.ar\/index.php\/wp-json\/wp\/v2\/categories?post=2314"},{"taxonomy":"post_tag","embeddable":true,"href":"https:\/\/vdl-dev.coodesoft.com.ar\/index.php\/wp-json\/wp\/v2\/tags?post=2314"}],"curies":[{"name":"wp","href":"https:\/\/api.w.org\/{rel}","templated":true}]}}