{"id":2352,"date":"2021-04-14T15:52:32","date_gmt":"2021-04-14T18:52:32","guid":{"rendered":"http:\/\/vocesdellangueyu.com.ar\/?p=2352"},"modified":"2021-04-14T15:52:36","modified_gmt":"2021-04-14T18:52:36","slug":"se-contagio-de-coronavirus-el-titular-del-equipo-de-atencion-primaria-de-la-salud-sergio-garcia","status":"publish","type":"post","link":"https:\/\/vdl-dev.coodesoft.com.ar\/index.php\/2021\/04\/14\/se-contagio-de-coronavirus-el-titular-del-equipo-de-atencion-primaria-de-la-salud-sergio-garcia\/","title":{"rendered":"SE CONTAGI\u00d3 DE CORONAVIRUS EL TITULAR DEL EQUIPO DE ATENCI\u00d3N PRIMARIA DE LA SALUD SERGIO GARC\u00cdA"},"content":{"rendered":"\n<p><\/p>\n\n\n\n<p>El m\u00e9dico\npediatra Sergio Garc\u00eda, responsable del equipo de Atenci\u00f3n Primaria del Sistema\nMunicipal de Salud, fue diagnosticado positivo de coronavirus en la jornada de\nayer seg\u00fan confirmaron autoridades del \u00e1rea.<\/p>\n\n\n\n<p>\u201cEmpec\u00e9 con\nalg\u00fan s\u00edntoma muy m\u00ednimo el lunes a la tarde\u201d describi\u00f3 el propio Garc\u00eda, quien\nindic\u00f3 que ayer a la ma\u00f1ana se realiz\u00f3 un test r\u00e1pido que dio negativo, pero\npor la noche result\u00f3 positiva la prueba de PCR.<\/p>\n\n\n\n<p>\u201cEstoy con\npocos s\u00edntomas\u201d se\u00f1al\u00f3 el funcionario que ya tiene las dos dosis de la vacuna\naplicada, por lo que espera que \u201cla evoluci\u00f3n sea \u00e9sta\u201d.<\/p>\n\n\n\n<p>Adem\u00e1s\nindicaron que tambi\u00e9n contrajeron el virus dos mujeres del \u00e1rea de enfermer\u00eda\nque se desempe\u00f1an en el Centro de Monitoreo que funciona en el Hospital\nMunicipal, en el que la totalidad del personal permanece aislado.<\/p>\n\n\n\n<p>Fue en una\njornada en la que se informaron oficialmente 32 casos positivos detectados en\nel d\u00eda, con lo que el total de casos activos ascendi\u00f3 a 130, y en el marco de\nla primera jornada en la&nbsp; que se puso en\nfuncionamiento el operativo de testeos durante las 24 horas en diferentes\npuntos de la ciudad.<\/p>\n\n\n\n<p>El detalle\noficial indica que all\u00ed no est\u00e1n contemplados los estudios que se realizaron en\nel Centro Integrador Comunitario por lo que \u2013trascendi\u00f3 extraoficialmente- la\ncifra de nuevos contagiados ascender\u00eda a 37.<\/p>\n","protected":false},"excerpt":{"rendered":"<p>El m\u00e9dico pediatra Sergio Garc\u00eda, responsable del equipo de Atenci\u00f3n Primaria del Sistema Municipal de Salud, fue diagnosticado positivo de coronavirus en la jornada de ayer seg\u00fan confirmaron autoridades del \u00e1rea. \u201cEmpec\u00e9 con alg\u00fan s\u00edntoma muy m\u00ednimo el lunes a la tarde\u201d describi\u00f3 el propio Garc\u00eda, quien indic\u00f3 que ayer a la ma\u00f1ana se realiz\u00f3 [&hellip;]<\/p>\n","protected":false},"author":4,"featured_media":2340,"comment_status":"open","ping_status":"open","sticky":false,"template":"","format":"standard","meta":{"spay_email":"","jetpack_publicize_message":""},"categories":[17,11,13],"tags":[],"jetpack_featured_media_url":"https:\/\/vdl-dev.coodesoft.com.ar\/wp-content\/uploads\/2021\/04\/s-garcia.jpeg","jetpack_publicize_connections":[],"jetpack_sharing_enabled":true,"jetpack_shortlink":"https:\/\/wp.me\/paQJuC-BW","_links":{"self":[{"href":"https:\/\/vdl-dev.coodesoft.com.ar\/index.php\/wp-json\/wp\/v2\/posts\/2352"}],"collection":[{"href":"https:\/\/vdl-dev.coodesoft.com.ar\/index.php\/wp-json\/wp\/v2\/posts"}],"about":[{"href":"https:\/\/vdl-dev.coodesoft.com.ar\/index.php\/wp-json\/wp\/v2\/types\/post"}],"author":[{"embeddable":true,"href":"https:\/\/vdl-dev.coodesoft.com.ar\/index.php\/wp-json\/wp\/v2\/users\/4"}],"replies":[{"embeddable":true,"href":"https:\/\/vdl-dev.coodesoft.com.ar\/index.php\/wp-json\/wp\/v2\/comments?post=2352"}],"version-history":[{"count":1,"href":"https:\/\/vdl-dev.coodesoft.com.ar\/index.php\/wp-json\/wp\/v2\/posts\/2352\/revisions"}],"predecessor-version":[{"id":2353,"href":"https:\/\/vdl-dev.coodesoft.com.ar\/index.php\/wp-json\/wp\/v2\/posts\/2352\/revisions\/2353"}],"wp:featuredmedia":[{"embeddable":true,"href":"https:\/\/vdl-dev.coodesoft.com.ar\/index.php\/wp-json\/wp\/v2\/media\/2340"}],"wp:attachment":[{"href":"https:\/\/vdl-dev.coodesoft.com.ar\/index.php\/wp-json\/wp\/v2\/media?parent=2352"}],"wp:term":[{"taxonomy":"category","embeddable":true,"href":"https:\/\/vdl-dev.coodesoft.com.ar\/index.php\/wp-json\/wp\/v2\/categories?post=2352"},{"taxonomy":"post_tag","embeddable":true,"href":"https:\/\/vdl-dev.coodesoft.com.ar\/index.php\/wp-json\/wp\/v2\/tags?post=2352"}],"curies":[{"name":"wp","href":"https:\/\/api.w.org\/{rel}","templated":true}]}}