{"id":2355,"date":"2021-04-14T15:56:15","date_gmt":"2021-04-14T18:56:15","guid":{"rendered":"http:\/\/vocesdellangueyu.com.ar\/?p=2355"},"modified":"2021-04-14T15:56:19","modified_gmt":"2021-04-14T18:56:19","slug":"los-gremios-docentes-piden-la-suspension-de-las-clases-presenciales","status":"publish","type":"post","link":"https:\/\/vdl-dev.coodesoft.com.ar\/index.php\/2021\/04\/14\/los-gremios-docentes-piden-la-suspension-de-las-clases-presenciales\/","title":{"rendered":"LOS GREMIOS DOCENTES PIDEN LA SUSPENSI\u00d3N DE LAS CLASES PRESENCIALES"},"content":{"rendered":"\n<p>Los\ndirigentes de los gremios que integran el Frente de Unidad Docente en Rauch\nplantean la necesidad, como ocurre a nivel Provincial y Nacional, de la\nsuspensi\u00f3n de las clases presenciales ante el aumento de casos positivos de\ncoronavirus en los \u00faltimos d\u00edas.<\/p>\n\n\n\n<p>Los\nrepresentantes de los docentes est\u00e1n al aguardo de una reuni\u00f3n en el marco de\nla Uni\u00f3n Educativa de Gesti\u00f3n Distrital (UEGD) para hacer el planteo formal\nante autoridades educativas del Distrito y las del \u00e1rea de Salud.<\/p>\n\n\n\n<p>El encuentro\nestaba previsto para ayer por la tarde pero debi\u00f3 suspenderse debido a la\nsuperposici\u00f3n de tareas de los funcionarios encargados de Sistema Municipal de Salud.<\/p>\n\n\n\n<p>La titular\nde SUTEBA Rauch Liliana Cirullo explic\u00f3 que el pedido se hace debido \u201cal\naumento exponencial\u201d de los casos por lo que \u201cel alto riesgo sanitario debe\ntomarse como un escenario de nuevas medidas restrictivas\u201d, que incluye la\nsuspensi\u00f3n del dictado de clases en forma presencial.<\/p>\n\n\n\n<p>&nbsp;\u201cLa reuni\u00f3n del martes fue suspendida por\nausencia de autoridades de salud porque estaba en un momento de alta&nbsp; complejidad, esperamos la reuni\u00f3n con la\ngente de salud. Se plantea como una suspensi\u00f3n de manera conjunta, es una\nsuspensi\u00f3n temporaria\u201d.<\/p>\n\n\n\n<p>&nbsp;Cirullo dijo que&nbsp; en las conversaciones informales que han\nmantenido con autoridades educativas y sanitarias de la ciudad, coinciden con\nel diagn\u00f3stico, aunque \u201cponen en valor much\u00edsimo lo que est\u00e1n haciendo en la\nescuela\u201d y argumentan que es el mejor lugar en el que los chicos y chicas est\u00e1n\ncuidados<\/p>\n","protected":false},"excerpt":{"rendered":"<p>Los dirigentes de los gremios que integran el Frente de Unidad Docente en Rauch plantean la necesidad, como ocurre a nivel Provincial y Nacional, de la suspensi\u00f3n de las clases presenciales ante el aumento de casos positivos de coronavirus en los \u00faltimos d\u00edas. Los representantes de los docentes est\u00e1n al aguardo de una reuni\u00f3n en [&hellip;]<\/p>\n","protected":false},"author":4,"featured_media":2356,"comment_status":"open","ping_status":"open","sticky":false,"template":"","format":"standard","meta":{"spay_email":"","jetpack_publicize_message":""},"categories":[17,11,13],"tags":[],"jetpack_featured_media_url":"https:\/\/vdl-dev.coodesoft.com.ar\/wp-content\/uploads\/2021\/04\/cirullo-1.jpg","jetpack_publicize_connections":[],"jetpack_sharing_enabled":true,"jetpack_shortlink":"https:\/\/wp.me\/paQJuC-BZ","_links":{"self":[{"href":"https:\/\/vdl-dev.coodesoft.com.ar\/index.php\/wp-json\/wp\/v2\/posts\/2355"}],"collection":[{"href":"https:\/\/vdl-dev.coodesoft.com.ar\/index.php\/wp-json\/wp\/v2\/posts"}],"about":[{"href":"https:\/\/vdl-dev.coodesoft.com.ar\/index.php\/wp-json\/wp\/v2\/types\/post"}],"author":[{"embeddable":true,"href":"https:\/\/vdl-dev.coodesoft.com.ar\/index.php\/wp-json\/wp\/v2\/users\/4"}],"replies":[{"embeddable":true,"href":"https:\/\/vdl-dev.coodesoft.com.ar\/index.php\/wp-json\/wp\/v2\/comments?post=2355"}],"version-history":[{"count":1,"href":"https:\/\/vdl-dev.coodesoft.com.ar\/index.php\/wp-json\/wp\/v2\/posts\/2355\/revisions"}],"predecessor-version":[{"id":2357,"href":"https:\/\/vdl-dev.coodesoft.com.ar\/index.php\/wp-json\/wp\/v2\/posts\/2355\/revisions\/2357"}],"wp:featuredmedia":[{"embeddable":true,"href":"https:\/\/vdl-dev.coodesoft.com.ar\/index.php\/wp-json\/wp\/v2\/media\/2356"}],"wp:attachment":[{"href":"https:\/\/vdl-dev.coodesoft.com.ar\/index.php\/wp-json\/wp\/v2\/media?parent=2355"}],"wp:term":[{"taxonomy":"category","embeddable":true,"href":"https:\/\/vdl-dev.coodesoft.com.ar\/index.php\/wp-json\/wp\/v2\/categories?post=2355"},{"taxonomy":"post_tag","embeddable":true,"href":"https:\/\/vdl-dev.coodesoft.com.ar\/index.php\/wp-json\/wp\/v2\/tags?post=2355"}],"curies":[{"name":"wp","href":"https:\/\/api.w.org\/{rel}","templated":true}]}}