{"id":2362,"date":"2021-04-14T16:09:19","date_gmt":"2021-04-14T19:09:19","guid":{"rendered":"http:\/\/vocesdellangueyu.com.ar\/?p=2362"},"modified":"2021-04-14T16:09:23","modified_gmt":"2021-04-14T19:09:23","slug":"criticas-a-las-recategorizaciones-para-empleados-municipales-juan-porrazo-termino-siendo-solo-un-punado-de-companeros","status":"publish","type":"post","link":"https:\/\/vdl-dev.coodesoft.com.ar\/index.php\/2021\/04\/14\/criticas-a-las-recategorizaciones-para-empleados-municipales-juan-porrazo-termino-siendo-solo-un-punado-de-companeros\/","title":{"rendered":"CRITICAS A LAS RECATEGORIZACIONES PARA EMPLEADOS MUNICIPALES: JUAN PORRAZO \u201cTERMIN\u00d3 SIENDO SOLO UN PU\u00d1ADO DE COMPA\u00d1EROS\u201d"},"content":{"rendered":"\n<p>Juan Domingo\nPorrazzo, dirigente de la CTA Aut\u00f3noma y de ATE Verde y Blanca, critic\u00f3 el\nproceso que est\u00e1n desarrollando el Gobierno Municipal y los tres gremios que\nrepresentan a los trabajadores municipales para establecer las\nrecategorizaciones, debido a que entiende que fue desprolijo e inequitativo.<\/p>\n\n\n\n<p>\u201cSe\nanunciaba casi como una reparaci\u00f3n laboral hist\u00f3rica\u2026 y termin\u00f3 siendo s\u00f3lo un\npu\u00f1ado de compa\u00f1eros que recibieron una categor\u00eda\u201d dijo Porrazzo, lo que \u201cha\ncreado un gran descontento y malhumor en distintas \u00e1reas\u201d agreg\u00f3. <\/p>\n\n\n\n<p>El dirigente\na\u00f1adi\u00f3 que ello ha provocado \u201cuna desafiliaci\u00f3n masiva\u201d de los trabajadores en\nlos tres gremios que participan en el an\u00e1lisis, el Sindicato de Trabajadores\nMunicipales, ATE y UPCN.<\/p>\n\n\n\n<p>\u201cComo\nespacio hace un tiempo venimos planteando la creaci\u00f3n de una ordenanza en la\ncual se cree una nueva escala de escalafonar ia en la cual tenga y se\ncontemplen las nuevas actividades de los empleados p\u00fablicos municipal que es\nmuy variada\u201d.<\/p>\n","protected":false},"excerpt":{"rendered":"<p>Juan Domingo Porrazzo, dirigente de la CTA Aut\u00f3noma y de ATE Verde y Blanca, critic\u00f3 el proceso que est\u00e1n desarrollando el Gobierno Municipal y los tres gremios que representan a los trabajadores municipales para establecer las recategorizaciones, debido a que entiende que fue desprolijo e inequitativo. \u201cSe anunciaba casi como una reparaci\u00f3n laboral hist\u00f3rica\u2026 y [&hellip;]<\/p>\n","protected":false},"author":4,"featured_media":1780,"comment_status":"open","ping_status":"open","sticky":false,"template":"","format":"standard","meta":{"spay_email":"","jetpack_publicize_message":""},"categories":[17,11,13],"tags":[],"jetpack_featured_media_url":"https:\/\/vdl-dev.coodesoft.com.ar\/wp-content\/uploads\/2020\/12\/Suescun-Gremios-1.jpg","jetpack_publicize_connections":[],"jetpack_sharing_enabled":true,"jetpack_shortlink":"https:\/\/wp.me\/paQJuC-C6","_links":{"self":[{"href":"https:\/\/vdl-dev.coodesoft.com.ar\/index.php\/wp-json\/wp\/v2\/posts\/2362"}],"collection":[{"href":"https:\/\/vdl-dev.coodesoft.com.ar\/index.php\/wp-json\/wp\/v2\/posts"}],"about":[{"href":"https:\/\/vdl-dev.coodesoft.com.ar\/index.php\/wp-json\/wp\/v2\/types\/post"}],"author":[{"embeddable":true,"href":"https:\/\/vdl-dev.coodesoft.com.ar\/index.php\/wp-json\/wp\/v2\/users\/4"}],"replies":[{"embeddable":true,"href":"https:\/\/vdl-dev.coodesoft.com.ar\/index.php\/wp-json\/wp\/v2\/comments?post=2362"}],"version-history":[{"count":1,"href":"https:\/\/vdl-dev.coodesoft.com.ar\/index.php\/wp-json\/wp\/v2\/posts\/2362\/revisions"}],"predecessor-version":[{"id":2363,"href":"https:\/\/vdl-dev.coodesoft.com.ar\/index.php\/wp-json\/wp\/v2\/posts\/2362\/revisions\/2363"}],"wp:featuredmedia":[{"embeddable":true,"href":"https:\/\/vdl-dev.coodesoft.com.ar\/index.php\/wp-json\/wp\/v2\/media\/1780"}],"wp:attachment":[{"href":"https:\/\/vdl-dev.coodesoft.com.ar\/index.php\/wp-json\/wp\/v2\/media?parent=2362"}],"wp:term":[{"taxonomy":"category","embeddable":true,"href":"https:\/\/vdl-dev.coodesoft.com.ar\/index.php\/wp-json\/wp\/v2\/categories?post=2362"},{"taxonomy":"post_tag","embeddable":true,"href":"https:\/\/vdl-dev.coodesoft.com.ar\/index.php\/wp-json\/wp\/v2\/tags?post=2362"}],"curies":[{"name":"wp","href":"https:\/\/api.w.org\/{rel}","templated":true}]}}