{"id":2367,"date":"2021-04-15T14:27:50","date_gmt":"2021-04-15T17:27:50","guid":{"rendered":"http:\/\/vocesdellangueyu.com.ar\/?p=2367"},"modified":"2021-04-15T14:27:54","modified_gmt":"2021-04-15T17:27:54","slug":"se-adoptaron-restricciones-por-el-aumento-de-casos-de-coronavirus-pero-mas-moderadas-que-las-que-estipula-la-fase-3","status":"publish","type":"post","link":"https:\/\/vdl-dev.coodesoft.com.ar\/index.php\/2021\/04\/15\/se-adoptaron-restricciones-por-el-aumento-de-casos-de-coronavirus-pero-mas-moderadas-que-las-que-estipula-la-fase-3\/","title":{"rendered":"SE ADOPTARON RESTRICCIONES POR EL AUMENTO DE CASOS DE CORONAVIRUS, PERO M\u00c1S MODERADAS QUE LAS QUE ESTIPULA LA FASE 3"},"content":{"rendered":"\n<p>El\nIntendente municipal Maximiliano Suescun encabez\u00f3 esta ma\u00f1ana la conferencia de\nprensa en la que se anunciaron las medidas de restricci\u00f3n para la ciudad al\nincorporarla en la Fase 3 del Distanciamiento por el aumento de casos de\ncoronavirus.<\/p>\n\n\n\n<p>El encuentro\nse llev\u00f3 a cabo en el despacho del Jefe Comunal, quien estuvo acompa\u00f1ado por el\nDirector del Sistema de Salud Juan Pedro Achaga y el Secretario de\nPlanificaci\u00f3n Mario Ibargoyen.<\/p>\n\n\n\n<p>&nbsp;Suescun indic\u00f3 que la intenci\u00f3n que persiguen\nlas medidas, que no son estrictamente las que se indican para una Fase 3, y que\nfue acordado con el Gobierno Provincial, es la de preservar la situaci\u00f3n\nsanitaria sin perjudicar demasiado la actividad econ\u00f3mica.<\/p>\n\n\n\n<p>Suescun se\nrefiri\u00f3 inicialmente al trabajo del equipo de salud y destac\u00f3 el nivel de\ntesteos que se hacen en Rauch.<\/p>\n\n\n\n<p>\u201cTenemos un\nprofundo orgullo de c\u00f3mo est\u00e1 trabajando el sistema de salud y&nbsp; como se est\u00e1 brindando el sistema de salud y\nestamos seguros que dada uno de los rauchense est\u00e1n muy bien cuidados y estoy\nmuy orgulloso de todas las \u00e1reas municipales para sostener todo lo que se est\u00e1\narmando\u201d.<\/p>\n\n\n\n<p>\u201cDebemos\nmantener todas las medidas de cuidado, de nuestra parte hemos opuesto todos los\nca\u00f1ones en fortalecer el sistema\u201d.<\/p>\n\n\n\n<p>\u201cEstamos\ntrabajando con los datos de la realidad y estamos dando la pelea en la calle,\nla batalle esta en el testeo y en reforzar las medidas de controles y de\ncuidados\u201d.<\/p>\n\n\n\n<p>El\nIntendente dijo que tras las reuniones que se realizaron ayer de la Mesa de Emergencia\ny una posterior de la Ampliada \u2013con la participaci\u00f3n de concejales de todos los\nbloques-, y en base a la experiencia del a\u00f1o anterior, se trata de preservar el\ntrabajo del \u00e1rea de salud sin descuidar aspectos sociales y econ\u00f3micos.<\/p>\n\n\n\n<p>Suescun\nrepas\u00f3 las principales medidas de restricciones: la actividad comercial deber\u00e1\nculminar a las 22 (cuando en Fase 3 se estipula a las 20), mientras que en el\nrubro gastronom\u00eda las puertas deber\u00e1n cerrarse a las 23 y se podr\u00e1 permitir la\npermanencia hasta las 24.<\/p>\n\n\n\n<p>Se mantiene\nla prohibici\u00f3n de circular por la v\u00eda p\u00fablica desde la 1 hasta las 6 de la\nma\u00f1ana.<\/p>\n\n\n\n<p>El\nIntendente tambi\u00e9n puntualiz\u00f3 cu\u00e1les son las actividades permitidas:<\/p>\n\n\n\n<p>Eventos\nculturales y religiosos hasta 20 personas al aire libre. En el interior hasta\n10 participantes si el espacio lo permite.<\/p>\n\n\n\n<p>Eventos deportivos\nen espacios abiertos o cerrados hasta 10 concurrentes, en todos los casos sin\np\u00fablico.<\/p>\n\n\n\n<p>No se\nhabilita la pr\u00e1ctica del torneo amistoso del f\u00fatbol local que se interrumpi\u00f3\ntras la disputa de las dos primeras fechas.<\/p>\n\n\n\n<p>Los remates\nde hacienda s\u00f3lo para compradores y con cantidad de asistentes acotada.<\/p>\n\n\n\n<p>Las salidas\nrecreativas hasta 10 personas, como as\u00ed tambi\u00e9n las reuniones familiares en lugares\ncerrados amplios.<\/p>\n","protected":false},"excerpt":{"rendered":"<p>El Intendente municipal Maximiliano Suescun encabez\u00f3 esta ma\u00f1ana la conferencia de prensa en la que se anunciaron las medidas de restricci\u00f3n para la ciudad al incorporarla en la Fase 3 del Distanciamiento por el aumento de casos de coronavirus. El encuentro se llev\u00f3 a cabo en el despacho del Jefe Comunal, quien estuvo acompa\u00f1ado por [&hellip;]<\/p>\n","protected":false},"author":4,"featured_media":2368,"comment_status":"open","ping_status":"open","sticky":false,"template":"","format":"standard","meta":{"spay_email":"","jetpack_publicize_message":""},"categories":[17,11,13],"tags":[],"jetpack_featured_media_url":"https:\/\/vdl-dev.coodesoft.com.ar\/wp-content\/uploads\/2021\/04\/WhatsApp-Image-2021-04-15-at-1.03.27-PM.jpeg","jetpack_publicize_connections":[],"jetpack_sharing_enabled":true,"jetpack_shortlink":"https:\/\/wp.me\/paQJuC-Cb","_links":{"self":[{"href":"https:\/\/vdl-dev.coodesoft.com.ar\/index.php\/wp-json\/wp\/v2\/posts\/2367"}],"collection":[{"href":"https:\/\/vdl-dev.coodesoft.com.ar\/index.php\/wp-json\/wp\/v2\/posts"}],"about":[{"href":"https:\/\/vdl-dev.coodesoft.com.ar\/index.php\/wp-json\/wp\/v2\/types\/post"}],"author":[{"embeddable":true,"href":"https:\/\/vdl-dev.coodesoft.com.ar\/index.php\/wp-json\/wp\/v2\/users\/4"}],"replies":[{"embeddable":true,"href":"https:\/\/vdl-dev.coodesoft.com.ar\/index.php\/wp-json\/wp\/v2\/comments?post=2367"}],"version-history":[{"count":1,"href":"https:\/\/vdl-dev.coodesoft.com.ar\/index.php\/wp-json\/wp\/v2\/posts\/2367\/revisions"}],"predecessor-version":[{"id":2369,"href":"https:\/\/vdl-dev.coodesoft.com.ar\/index.php\/wp-json\/wp\/v2\/posts\/2367\/revisions\/2369"}],"wp:featuredmedia":[{"embeddable":true,"href":"https:\/\/vdl-dev.coodesoft.com.ar\/index.php\/wp-json\/wp\/v2\/media\/2368"}],"wp:attachment":[{"href":"https:\/\/vdl-dev.coodesoft.com.ar\/index.php\/wp-json\/wp\/v2\/media?parent=2367"}],"wp:term":[{"taxonomy":"category","embeddable":true,"href":"https:\/\/vdl-dev.coodesoft.com.ar\/index.php\/wp-json\/wp\/v2\/categories?post=2367"},{"taxonomy":"post_tag","embeddable":true,"href":"https:\/\/vdl-dev.coodesoft.com.ar\/index.php\/wp-json\/wp\/v2\/tags?post=2367"}],"curies":[{"name":"wp","href":"https:\/\/api.w.org\/{rel}","templated":true}]}}