{"id":2374,"date":"2021-04-15T14:38:46","date_gmt":"2021-04-15T17:38:46","guid":{"rendered":"http:\/\/vocesdellangueyu.com.ar\/?p=2374"},"modified":"2021-04-15T14:38:50","modified_gmt":"2021-04-15T17:38:50","slug":"debera-pedir-disculpas-si-no-se-ajusta-a-la-realidad","status":"publish","type":"post","link":"https:\/\/vdl-dev.coodesoft.com.ar\/index.php\/2021\/04\/15\/debera-pedir-disculpas-si-no-se-ajusta-a-la-realidad\/","title":{"rendered":"\u201cDEBER\u00c1 PEDIR DISCULPAS SI NO SE AJUSTA A LA REALIDAD\u201d"},"content":{"rendered":"\n<p><\/p>\n\n\n\n<p>El Intendente\nMunicipal Maximiliano Suescun dijo en la conferencia de prensa de esta ma\u00f1ana desconocer\nlas manifestaciones que se vertieron ayer, cuando se anunci\u00f3 la suspensi\u00f3n de\nla presencialidad en las escuelas por parte del Gobierno Nacional para Capital\nFederal y el Gran Buenos Aires, por parte de concejalas y funcionarias del\nGobierno local criticando la medida, \u201cdesconozco cualquier otro comentario\nporque estaba trabajando, estaba reunido con parte de la mesa\u201d, se\u00f1al\u00f3 el\nIntendente.<\/p>\n\n\n\n<p>La\nPresidenta del bloque de Cambiemos en el Deliberativo Lucrecia Herrer\u00eda por\nejemplo escribi\u00f3 en las redes sociales: \u201ctristeza e indignaci\u00f3n\u201d y describe&nbsp; que \u201cbancaron\u201d una a\u00f1o la virtualidad \u201cpara\nque hicieran lo que ten\u00edan que hacer pero no hicieron nada\u201d, en obvia alusi\u00f3n\nal Gobierno Provincial y sentencia que \u201cfracasaron\u201d.<\/p>\n\n\n\n<p>Suescun dijo\nque \u201csi la concejal dijo eso y no se ajusta a la realidad deber\u00e1 pedir\ndisculpas\u2026 si eso realmente no pasa, lo que hay que hacer es reconocer que no\npas\u00f3 y que uno habl\u00f3 antes de tiempo\u201d.<\/p>\n","protected":false},"excerpt":{"rendered":"<p>El Intendente Municipal Maximiliano Suescun dijo en la conferencia de prensa de esta ma\u00f1ana desconocer las manifestaciones que se vertieron ayer, cuando se anunci\u00f3 la suspensi\u00f3n de la presencialidad en las escuelas por parte del Gobierno Nacional para Capital Federal y el Gran Buenos Aires, por parte de concejalas y funcionarias del Gobierno local criticando [&hellip;]<\/p>\n","protected":false},"author":4,"featured_media":2375,"comment_status":"open","ping_status":"open","sticky":false,"template":"","format":"standard","meta":{"spay_email":"","jetpack_publicize_message":""},"categories":[17,11,13],"tags":[],"jetpack_featured_media_url":"https:\/\/vdl-dev.coodesoft.com.ar\/wp-content\/uploads\/2021\/04\/WhatsApp-Image-2021-04-15-at-1.05.26-PM.jpeg","jetpack_publicize_connections":[],"jetpack_sharing_enabled":true,"jetpack_shortlink":"https:\/\/wp.me\/paQJuC-Ci","_links":{"self":[{"href":"https:\/\/vdl-dev.coodesoft.com.ar\/index.php\/wp-json\/wp\/v2\/posts\/2374"}],"collection":[{"href":"https:\/\/vdl-dev.coodesoft.com.ar\/index.php\/wp-json\/wp\/v2\/posts"}],"about":[{"href":"https:\/\/vdl-dev.coodesoft.com.ar\/index.php\/wp-json\/wp\/v2\/types\/post"}],"author":[{"embeddable":true,"href":"https:\/\/vdl-dev.coodesoft.com.ar\/index.php\/wp-json\/wp\/v2\/users\/4"}],"replies":[{"embeddable":true,"href":"https:\/\/vdl-dev.coodesoft.com.ar\/index.php\/wp-json\/wp\/v2\/comments?post=2374"}],"version-history":[{"count":1,"href":"https:\/\/vdl-dev.coodesoft.com.ar\/index.php\/wp-json\/wp\/v2\/posts\/2374\/revisions"}],"predecessor-version":[{"id":2376,"href":"https:\/\/vdl-dev.coodesoft.com.ar\/index.php\/wp-json\/wp\/v2\/posts\/2374\/revisions\/2376"}],"wp:featuredmedia":[{"embeddable":true,"href":"https:\/\/vdl-dev.coodesoft.com.ar\/index.php\/wp-json\/wp\/v2\/media\/2375"}],"wp:attachment":[{"href":"https:\/\/vdl-dev.coodesoft.com.ar\/index.php\/wp-json\/wp\/v2\/media?parent=2374"}],"wp:term":[{"taxonomy":"category","embeddable":true,"href":"https:\/\/vdl-dev.coodesoft.com.ar\/index.php\/wp-json\/wp\/v2\/categories?post=2374"},{"taxonomy":"post_tag","embeddable":true,"href":"https:\/\/vdl-dev.coodesoft.com.ar\/index.php\/wp-json\/wp\/v2\/tags?post=2374"}],"curies":[{"name":"wp","href":"https:\/\/api.w.org\/{rel}","templated":true}]}}