{"id":2389,"date":"2021-04-16T15:44:38","date_gmt":"2021-04-16T18:44:38","guid":{"rendered":"http:\/\/vocesdellangueyu.com.ar\/?p=2389"},"modified":"2021-04-16T15:44:42","modified_gmt":"2021-04-16T18:44:42","slug":"el-concejal-grieco-cruzo-a-herreria-y-dijo-que-estan-exhibiendo-cuales-son-sus-verdaderos-intereses-que-son-mezquinos","status":"publish","type":"post","link":"https:\/\/vdl-dev.coodesoft.com.ar\/index.php\/2021\/04\/16\/el-concejal-grieco-cruzo-a-herreria-y-dijo-que-estan-exhibiendo-cuales-son-sus-verdaderos-intereses-que-son-mezquinos\/","title":{"rendered":"EL CONCEJAL GRIECO CRUZ\u00d3 A HERRER\u00cdA Y DIJO QUE \u201cEST\u00c1N EXHIBIENDO CU\u00c1LES SON SUS VERDADEROS INTERESES, QUE SON MEZQUINOS\u201d"},"content":{"rendered":"\n<p><\/p>\n\n\n\n<p>El concejal\nDiego Grieco, del bloque del Frente de Todos, calific\u00f3 de \u201ctotalmente\ndesafortunadas\u201d las afirmaciones en las redes sociales de la Presidenta de la\nbancada del oficialismo en el Concejo Deliberante Lucrecia Herrer\u00eda, que\nfustig\u00f3 al Gobierno Nacional por el anuncio de la suspensi\u00f3n de las clases\npresenciales.<\/p>\n\n\n\n<p>La decisi\u00f3n\nadoptada est\u00e1 dirigida a la Ciudad de Buenos Aires y en parte del Gran Buenos\nAires, y quedaron excluidos los municipios del interior, como el caso de Rauch.<\/p>\n\n\n\n<p>Herrer\u00eda\nexpres\u00f3 en su perfil de Facebook \u201ctristeza e indignaci\u00f3n\u201d por la medida, y\ndescribi\u00f3&nbsp; que \u201cbancaron\u201d un a\u00f1o la\nvirtualidad \u201cpara que hicieran lo que ten\u00edan que hacer pero no hicieron nada\u201d &nbsp;y sentenci\u00f3 que \u201cfracasaron\u201d.<\/p>\n\n\n\n<p>Ayer el\nIntendente Suescun, al anunciar la continuidad de la presencialidad en Rauch dijo\nque \u201csi la concejal dijo eso y no se ajusta a la realidad deber\u00e1 pedir\ndisculpas\u2026 si eso realmente no pasa, lo que hay que hacer es reconocer que no\npas\u00f3 y que uno habl\u00f3 antes de tiempo\u201d.<\/p>\n\n\n\n<p>Esta ma\u00f1ana\nGrieco sostuvo que \u201cest\u00e1n exhibiendo cu\u00e1les son sus verdaderos intereses, que\nson mezquinos\u201d y que en un a\u00f1o electoral est\u00e1n intentando \u201cgenerar momentos de\nzozobra, de incertidumbre, anunciando cosas que no son o no suceden\u2026\u201d.<\/p>\n\n\n\n<p>\u201cCreen\ninterpretar\u201d las acciones del Gobierno Provincial y a partir de all\u00ed \u201clanzan\nafirmaciones tan poco fundadas y la \u00fanica finalidad que uno puede advertir es\ngenerar un inter\u00e9s electoral\u201d agreg\u00f3.<\/p>\n\n\n\n<p>\u201cNo les\nimporta si se pone en riesgo o no lo que la pandemia genera, que tiene que ver\ncon la salud de las personas\u2026 esto es trist\u00edsimo\u2026 genera incertidumbre\u2026 y un\nmont\u00f3n de sentimientos negativos\u201d a\u00f1adi\u00f3.<\/p>\n\n\n\n<p>\u201cEstemos\natentos a ver si la concejal Herrer\u00eda tiene la grandeza de retractarse de sus\ndichos y pedir disculpas\u201d finaliz\u00f3.<\/p>\n","protected":false},"excerpt":{"rendered":"<p>El concejal Diego Grieco, del bloque del Frente de Todos, calific\u00f3 de \u201ctotalmente desafortunadas\u201d las afirmaciones en las redes sociales de la Presidenta de la bancada del oficialismo en el Concejo Deliberante Lucrecia Herrer\u00eda, que fustig\u00f3 al Gobierno Nacional por el anuncio de la suspensi\u00f3n de las clases presenciales. La decisi\u00f3n adoptada est\u00e1 dirigida a [&hellip;]<\/p>\n","protected":false},"author":4,"featured_media":512,"comment_status":"open","ping_status":"open","sticky":false,"template":"","format":"standard","meta":{"spay_email":"","jetpack_publicize_message":""},"categories":[17,11,13],"tags":[],"jetpack_featured_media_url":"https:\/\/vdl-dev.coodesoft.com.ar\/wp-content\/uploads\/2020\/07\/diego-grieco-concejal.jpeg","jetpack_publicize_connections":[],"jetpack_sharing_enabled":true,"jetpack_shortlink":"https:\/\/wp.me\/paQJuC-Cx","_links":{"self":[{"href":"https:\/\/vdl-dev.coodesoft.com.ar\/index.php\/wp-json\/wp\/v2\/posts\/2389"}],"collection":[{"href":"https:\/\/vdl-dev.coodesoft.com.ar\/index.php\/wp-json\/wp\/v2\/posts"}],"about":[{"href":"https:\/\/vdl-dev.coodesoft.com.ar\/index.php\/wp-json\/wp\/v2\/types\/post"}],"author":[{"embeddable":true,"href":"https:\/\/vdl-dev.coodesoft.com.ar\/index.php\/wp-json\/wp\/v2\/users\/4"}],"replies":[{"embeddable":true,"href":"https:\/\/vdl-dev.coodesoft.com.ar\/index.php\/wp-json\/wp\/v2\/comments?post=2389"}],"version-history":[{"count":1,"href":"https:\/\/vdl-dev.coodesoft.com.ar\/index.php\/wp-json\/wp\/v2\/posts\/2389\/revisions"}],"predecessor-version":[{"id":2390,"href":"https:\/\/vdl-dev.coodesoft.com.ar\/index.php\/wp-json\/wp\/v2\/posts\/2389\/revisions\/2390"}],"wp:featuredmedia":[{"embeddable":true,"href":"https:\/\/vdl-dev.coodesoft.com.ar\/index.php\/wp-json\/wp\/v2\/media\/512"}],"wp:attachment":[{"href":"https:\/\/vdl-dev.coodesoft.com.ar\/index.php\/wp-json\/wp\/v2\/media?parent=2389"}],"wp:term":[{"taxonomy":"category","embeddable":true,"href":"https:\/\/vdl-dev.coodesoft.com.ar\/index.php\/wp-json\/wp\/v2\/categories?post=2389"},{"taxonomy":"post_tag","embeddable":true,"href":"https:\/\/vdl-dev.coodesoft.com.ar\/index.php\/wp-json\/wp\/v2\/tags?post=2389"}],"curies":[{"name":"wp","href":"https:\/\/api.w.org\/{rel}","templated":true}]}}