{"id":2392,"date":"2021-04-16T15:46:37","date_gmt":"2021-04-16T18:46:37","guid":{"rendered":"http:\/\/vocesdellangueyu.com.ar\/?p=2392"},"modified":"2021-04-16T15:46:41","modified_gmt":"2021-04-16T18:46:41","slug":"covid-19-cambiemos-pide-incorporar-a-policias-bomberos-y-personas-con-discapacidad-como-prioridad-para-la-vacunacion","status":"publish","type":"post","link":"https:\/\/vdl-dev.coodesoft.com.ar\/index.php\/2021\/04\/16\/covid-19-cambiemos-pide-incorporar-a-policias-bomberos-y-personas-con-discapacidad-como-prioridad-para-la-vacunacion\/","title":{"rendered":"COVID 19: CAMBIEMOS PIDE INCORPORAR A POLIC\u00cdAS, BOMBEROS Y PERSONAS CON DISCAPACIDAD COMO PRIORIDAD PARA LA VACUNACI\u00d3N"},"content":{"rendered":"\n<p><\/p>\n\n\n\n<p>El bloque de\nconcejales de Cambiemos inform\u00f3 que present\u00f3 proyectos de comunicaci\u00f3n en los\nque le piden al Gobierno Provincial que se incorpore como \u201cpersonas con\npreferencia\u201d para la vacunaci\u00f3n contra el coronavirus a personal policial, de\nbomberos y personas con discapacidad.<\/p>\n\n\n\n<p>En la\ninformaci\u00f3n que suministr\u00f3 la bancada del oficialismo local explican que fruto\nde los contactos mantenidos con el Comisario Luis Cristeche, Aldana Morales (Directora\nde Discapacidad Municipal), Celeste Calandria y Emanuel Elizalde (del Taller\nProtegido), y Diego Bengochea (Jefe del Cuerpo Activo de Bomberos Voluntarios)\nelevaron los pedidos para requerir \u201cque los grupos de personas con\nDiscapacidad, Polic\u00eda y Bomberos Voluntarios, sean incluidos como personas con\npreferencia a la hora de recibir la vacuna contra el Covid 19\u201d.<\/p>\n\n\n\n<p>\u201cEs innegable que\nel riesgo al que est\u00e1n expuestos dichos grupos de personas hacen necesario,\ncomo tambi\u00e9n los adultos mayores y la poblaci\u00f3n toda, reciban dicha vacuna\u201d\nse\u00f1alan.<\/p>\n","protected":false},"excerpt":{"rendered":"<p>El bloque de concejales de Cambiemos inform\u00f3 que present\u00f3 proyectos de comunicaci\u00f3n en los que le piden al Gobierno Provincial que se incorpore como \u201cpersonas con preferencia\u201d para la vacunaci\u00f3n contra el coronavirus a personal policial, de bomberos y personas con discapacidad. En la informaci\u00f3n que suministr\u00f3 la bancada del oficialismo local explican que fruto [&hellip;]<\/p>\n","protected":false},"author":4,"featured_media":1916,"comment_status":"open","ping_status":"open","sticky":false,"template":"","format":"standard","meta":{"spay_email":"","jetpack_publicize_message":""},"categories":[17,11,13],"tags":[],"jetpack_featured_media_url":"https:\/\/vdl-dev.coodesoft.com.ar\/wp-content\/uploads\/2020\/12\/hcd.png","jetpack_publicize_connections":[],"jetpack_sharing_enabled":true,"jetpack_shortlink":"https:\/\/wp.me\/paQJuC-CA","_links":{"self":[{"href":"https:\/\/vdl-dev.coodesoft.com.ar\/index.php\/wp-json\/wp\/v2\/posts\/2392"}],"collection":[{"href":"https:\/\/vdl-dev.coodesoft.com.ar\/index.php\/wp-json\/wp\/v2\/posts"}],"about":[{"href":"https:\/\/vdl-dev.coodesoft.com.ar\/index.php\/wp-json\/wp\/v2\/types\/post"}],"author":[{"embeddable":true,"href":"https:\/\/vdl-dev.coodesoft.com.ar\/index.php\/wp-json\/wp\/v2\/users\/4"}],"replies":[{"embeddable":true,"href":"https:\/\/vdl-dev.coodesoft.com.ar\/index.php\/wp-json\/wp\/v2\/comments?post=2392"}],"version-history":[{"count":1,"href":"https:\/\/vdl-dev.coodesoft.com.ar\/index.php\/wp-json\/wp\/v2\/posts\/2392\/revisions"}],"predecessor-version":[{"id":2393,"href":"https:\/\/vdl-dev.coodesoft.com.ar\/index.php\/wp-json\/wp\/v2\/posts\/2392\/revisions\/2393"}],"wp:featuredmedia":[{"embeddable":true,"href":"https:\/\/vdl-dev.coodesoft.com.ar\/index.php\/wp-json\/wp\/v2\/media\/1916"}],"wp:attachment":[{"href":"https:\/\/vdl-dev.coodesoft.com.ar\/index.php\/wp-json\/wp\/v2\/media?parent=2392"}],"wp:term":[{"taxonomy":"category","embeddable":true,"href":"https:\/\/vdl-dev.coodesoft.com.ar\/index.php\/wp-json\/wp\/v2\/categories?post=2392"},{"taxonomy":"post_tag","embeddable":true,"href":"https:\/\/vdl-dev.coodesoft.com.ar\/index.php\/wp-json\/wp\/v2\/tags?post=2392"}],"curies":[{"name":"wp","href":"https:\/\/api.w.org\/{rel}","templated":true}]}}