{"id":2395,"date":"2021-04-16T15:55:08","date_gmt":"2021-04-16T18:55:08","guid":{"rendered":"http:\/\/vocesdellangueyu.com.ar\/?p=2395"},"modified":"2021-04-16T15:55:11","modified_gmt":"2021-04-16T18:55:11","slug":"emilio-aboy-dirigente-de-uder-se-mostro-a-favor-de-la-continuidad-de-la-presencialidad-en-las-escuelas","status":"publish","type":"post","link":"https:\/\/vdl-dev.coodesoft.com.ar\/index.php\/2021\/04\/16\/emilio-aboy-dirigente-de-uder-se-mostro-a-favor-de-la-continuidad-de-la-presencialidad-en-las-escuelas\/","title":{"rendered":"EMILIO ABOY DIRIGENTE DE UDER  SE MOSTR\u00d3 A FAVOR DE LA CONTINUIDAD DE LA PRESENCIALIDAD EN LAS ESCUELAS"},"content":{"rendered":"\n<p>Emilio Aboy,\ndirigente de la Uni\u00f3n de Educadores de Rauch (UDER) adherida a la Federaci\u00f3n de\nEducadores Bonaerenses (FEB) se manifest\u00f3 a favor de mantener la ense\u00f1anza en\nforma presencial en las escuelas, aunque aclar\u00f3 que los dirigentes del Frente\nGremial piden evaluar la situaci\u00f3n sanitaria de cada ciudad para saber si es\nposible garantizar la seguridad sanitaria en cada establecimiento.<\/p>\n\n\n\n<p>\u201cLa\npresencialidad es fundamental. Eso no se cuestiona\u2026 los chicos deben estar en\nla escuela y los docentes debemos estar trabajando\u201d dijo Aboy.<\/p>\n\n\n\n<p>\u201cNosotros\ndesde FEB estamos convencidos que los contagios no se producen en las escuelas,\nlos protocolos se hacen perfectos, en Rauch se est\u00e1 trabajando muy bien, lo que\nse plantea es el tema del transporte para las escuelas rurales\u201d.<\/p>\n\n\n\n<p>\u201cHay que\nanalizar lo que pasa a cada momento. Hoy tenemos 30 docentes aislados lo que\nhace m\u00e1s dif\u00edcil la situaci\u00f3n\u201d.<\/p>\n\n\n\n<p>El dirigente\ngremial docente indic\u00f3 que pese a que en Rauch se ha llegado al pico m\u00e1ximo de\ncontagios en la presente semana, los protocolos que se implementan en las\nescuelas permiten garantizar la educaci\u00f3n en forma presencial.<\/p>\n\n\n\n<p>\u201cSe est\u00e1 haciendo\nun esfuerzo enorme por parte de los docentes, esto es el d\u00eda a d\u00eda hoy por hoy\nla presencialidad est\u00e1 garantizada\u201d.<\/p>\n","protected":false},"excerpt":{"rendered":"<p>Emilio Aboy, dirigente de la Uni\u00f3n de Educadores de Rauch (UDER) adherida a la Federaci\u00f3n de Educadores Bonaerenses (FEB) se manifest\u00f3 a favor de mantener la ense\u00f1anza en forma presencial en las escuelas, aunque aclar\u00f3 que los dirigentes del Frente Gremial piden evaluar la situaci\u00f3n sanitaria de cada ciudad para saber si es posible garantizar [&hellip;]<\/p>\n","protected":false},"author":4,"featured_media":2396,"comment_status":"open","ping_status":"open","sticky":false,"template":"","format":"standard","meta":{"spay_email":"","jetpack_publicize_message":""},"categories":[17,11,13],"tags":[],"jetpack_featured_media_url":"https:\/\/vdl-dev.coodesoft.com.ar\/wp-content\/uploads\/2021\/04\/aboy-100.jpg","jetpack_publicize_connections":[],"jetpack_sharing_enabled":true,"jetpack_shortlink":"https:\/\/wp.me\/paQJuC-CD","_links":{"self":[{"href":"https:\/\/vdl-dev.coodesoft.com.ar\/index.php\/wp-json\/wp\/v2\/posts\/2395"}],"collection":[{"href":"https:\/\/vdl-dev.coodesoft.com.ar\/index.php\/wp-json\/wp\/v2\/posts"}],"about":[{"href":"https:\/\/vdl-dev.coodesoft.com.ar\/index.php\/wp-json\/wp\/v2\/types\/post"}],"author":[{"embeddable":true,"href":"https:\/\/vdl-dev.coodesoft.com.ar\/index.php\/wp-json\/wp\/v2\/users\/4"}],"replies":[{"embeddable":true,"href":"https:\/\/vdl-dev.coodesoft.com.ar\/index.php\/wp-json\/wp\/v2\/comments?post=2395"}],"version-history":[{"count":1,"href":"https:\/\/vdl-dev.coodesoft.com.ar\/index.php\/wp-json\/wp\/v2\/posts\/2395\/revisions"}],"predecessor-version":[{"id":2397,"href":"https:\/\/vdl-dev.coodesoft.com.ar\/index.php\/wp-json\/wp\/v2\/posts\/2395\/revisions\/2397"}],"wp:featuredmedia":[{"embeddable":true,"href":"https:\/\/vdl-dev.coodesoft.com.ar\/index.php\/wp-json\/wp\/v2\/media\/2396"}],"wp:attachment":[{"href":"https:\/\/vdl-dev.coodesoft.com.ar\/index.php\/wp-json\/wp\/v2\/media?parent=2395"}],"wp:term":[{"taxonomy":"category","embeddable":true,"href":"https:\/\/vdl-dev.coodesoft.com.ar\/index.php\/wp-json\/wp\/v2\/categories?post=2395"},{"taxonomy":"post_tag","embeddable":true,"href":"https:\/\/vdl-dev.coodesoft.com.ar\/index.php\/wp-json\/wp\/v2\/tags?post=2395"}],"curies":[{"name":"wp","href":"https:\/\/api.w.org\/{rel}","templated":true}]}}