{"id":2401,"date":"2021-04-19T15:35:43","date_gmt":"2021-04-19T18:35:43","guid":{"rendered":"http:\/\/vocesdellangueyu.com.ar\/?p=2401"},"modified":"2021-04-19T15:35:46","modified_gmt":"2021-04-19T18:35:46","slug":"149-aniversario-de-la-fundacion-de-rauch","status":"publish","type":"post","link":"https:\/\/vdl-dev.coodesoft.com.ar\/index.php\/2021\/04\/19\/149-aniversario-de-la-fundacion-de-rauch\/","title":{"rendered":"149 ANIVERSARIO DE LA FUNDACI\u00d3N DE RAUCH"},"content":{"rendered":"\n<p><\/p>\n\n\n\n<p>El 20 de\nabril Rauch cumple 149 a\u00f1os de su fundaci\u00f3n. El Gobierno Municipal realizar\u00e1 el\nacto en el Monolito de la piedra fundacional, a partir de las 10,30 horas,\nencabezado por el intendente Municipal Maximiliano Suescun. <\/p>\n\n\n\n<p>Cabe\nse\u00f1alar, que el mismo ser\u00e1 sin presencia de p\u00fablico, debido a la situaci\u00f3n\nepidemiol\u00f3gica.<\/p>\n\n\n\n<p>Se invita a\ntoda la comunidad a embanderar sus domicilios.<\/p>\n\n\n\n<p>(Prensa\nMunicipal)<\/p>\n","protected":false},"excerpt":{"rendered":"<p>El 20 de abril Rauch cumple 149 a\u00f1os de su fundaci\u00f3n. El Gobierno Municipal realizar\u00e1 el acto en el Monolito de la piedra fundacional, a partir de las 10,30 horas, encabezado por el intendente Municipal Maximiliano Suescun. Cabe se\u00f1alar, que el mismo ser\u00e1 sin presencia de p\u00fablico, debido a la situaci\u00f3n epidemiol\u00f3gica. Se invita a [&hellip;]<\/p>\n","protected":false},"author":4,"featured_media":0,"comment_status":"open","ping_status":"open","sticky":false,"template":"","format":"standard","meta":{"spay_email":"","jetpack_publicize_message":""},"categories":[17,11],"tags":[],"jetpack_featured_media_url":"","jetpack_publicize_connections":[],"jetpack_sharing_enabled":true,"jetpack_shortlink":"https:\/\/wp.me\/paQJuC-CJ","_links":{"self":[{"href":"https:\/\/vdl-dev.coodesoft.com.ar\/index.php\/wp-json\/wp\/v2\/posts\/2401"}],"collection":[{"href":"https:\/\/vdl-dev.coodesoft.com.ar\/index.php\/wp-json\/wp\/v2\/posts"}],"about":[{"href":"https:\/\/vdl-dev.coodesoft.com.ar\/index.php\/wp-json\/wp\/v2\/types\/post"}],"author":[{"embeddable":true,"href":"https:\/\/vdl-dev.coodesoft.com.ar\/index.php\/wp-json\/wp\/v2\/users\/4"}],"replies":[{"embeddable":true,"href":"https:\/\/vdl-dev.coodesoft.com.ar\/index.php\/wp-json\/wp\/v2\/comments?post=2401"}],"version-history":[{"count":1,"href":"https:\/\/vdl-dev.coodesoft.com.ar\/index.php\/wp-json\/wp\/v2\/posts\/2401\/revisions"}],"predecessor-version":[{"id":2402,"href":"https:\/\/vdl-dev.coodesoft.com.ar\/index.php\/wp-json\/wp\/v2\/posts\/2401\/revisions\/2402"}],"wp:attachment":[{"href":"https:\/\/vdl-dev.coodesoft.com.ar\/index.php\/wp-json\/wp\/v2\/media?parent=2401"}],"wp:term":[{"taxonomy":"category","embeddable":true,"href":"https:\/\/vdl-dev.coodesoft.com.ar\/index.php\/wp-json\/wp\/v2\/categories?post=2401"},{"taxonomy":"post_tag","embeddable":true,"href":"https:\/\/vdl-dev.coodesoft.com.ar\/index.php\/wp-json\/wp\/v2\/tags?post=2401"}],"curies":[{"name":"wp","href":"https:\/\/api.w.org\/{rel}","templated":true}]}}