{"id":2419,"date":"2021-04-20T11:38:28","date_gmt":"2021-04-20T14:38:28","guid":{"rendered":"http:\/\/vocesdellangueyu.com.ar\/?p=2419"},"modified":"2021-04-20T11:38:32","modified_gmt":"2021-04-20T14:38:32","slug":"llegan-a-rauch-los-ministros-de-obras-publicas-de-nacion-y-provincia","status":"publish","type":"post","link":"https:\/\/vdl-dev.coodesoft.com.ar\/index.php\/2021\/04\/20\/llegan-a-rauch-los-ministros-de-obras-publicas-de-nacion-y-provincia\/","title":{"rendered":"LLEGAN A RAUCH LOS MINISTROS DE OBRAS P\u00daBLICAS DE NACI\u00d3N Y PROVINCIA"},"content":{"rendered":"\n<p>El mi\u00e9rcoles\n21 de abril arribar\u00e1n a Rauch los Ministros de Obras P\u00fablicas de la Naci\u00f3n\nGabriel Katopodis, y de la provincia de Buenos Aires Agust\u00edn Simone. <\/p>\n\n\n\n<p>Junto a\nellos llegar\u00e1 el encargado del Ente Nacional de Obras H\u00eddricas de\nSaneamiento&nbsp; (ENOHSA) H\u00e9ctor Alvarez.<\/p>\n\n\n\n<p>&nbsp;\u201cse formalizar\u00e1n los convenios del Programa\n\u201cArgentina Hace\u201d y del Fondo de Infraestructura Municipal (FIM)\u201d. <\/p>\n\n\n\n<p>Programa\nArgentina Hace, se est\u00e1n construyendo 3500 metros lineales de cord\u00f3n cuneta\u201d. en\nel Barrio PROCREAR junto a la Cooperativa Mayo. <\/p>\n\n\n\n<p>la provincia\nse trabaja en \u201cel Fondo de Infraestructura Municipal. Vamos a recorrer el\narreglo de las plazas\u201d.<\/p>\n\n\n\n<p>Con respecto\na la presencia del titular del ENOHSA &nbsp;la\nestaci\u00f3n de bombeo cloacal, para continuar con el tendido de la red\ndomiciliaria del Club Boca\u201d. <\/p>\n\n\n\n<p>se trabaja\nen la puesta en \u201cvalor del Palacio Municipal. Queremos llegar con las obras al\na\u00f1o 2022, cuando cumplimos 150 a\u00f1os como ciudad\u201d. \u201cHay una l\u00ednea de financiamiento\ndel programa \u201cArgentina Hace\u201d, que es la puesta en valor de la obra de\nFrancisco Salamone. Todo eso lo charlaremos con los funcionarios\u201d dijo.<\/p>\n","protected":false},"excerpt":{"rendered":"<p>El mi\u00e9rcoles 21 de abril arribar\u00e1n a Rauch los Ministros de Obras P\u00fablicas de la Naci\u00f3n Gabriel Katopodis, y de la provincia de Buenos Aires Agust\u00edn Simone. Junto a ellos llegar\u00e1 el encargado del Ente Nacional de Obras H\u00eddricas de Saneamiento&nbsp; (ENOHSA) H\u00e9ctor Alvarez. &nbsp;\u201cse formalizar\u00e1n los convenios del Programa \u201cArgentina Hace\u201d y del Fondo [&hellip;]<\/p>\n","protected":false},"author":4,"featured_media":0,"comment_status":"open","ping_status":"open","sticky":false,"template":"","format":"standard","meta":{"spay_email":"","jetpack_publicize_message":""},"categories":[17,11,13],"tags":[],"jetpack_featured_media_url":"","jetpack_publicize_connections":[],"jetpack_sharing_enabled":true,"jetpack_shortlink":"https:\/\/wp.me\/paQJuC-D1","_links":{"self":[{"href":"https:\/\/vdl-dev.coodesoft.com.ar\/index.php\/wp-json\/wp\/v2\/posts\/2419"}],"collection":[{"href":"https:\/\/vdl-dev.coodesoft.com.ar\/index.php\/wp-json\/wp\/v2\/posts"}],"about":[{"href":"https:\/\/vdl-dev.coodesoft.com.ar\/index.php\/wp-json\/wp\/v2\/types\/post"}],"author":[{"embeddable":true,"href":"https:\/\/vdl-dev.coodesoft.com.ar\/index.php\/wp-json\/wp\/v2\/users\/4"}],"replies":[{"embeddable":true,"href":"https:\/\/vdl-dev.coodesoft.com.ar\/index.php\/wp-json\/wp\/v2\/comments?post=2419"}],"version-history":[{"count":1,"href":"https:\/\/vdl-dev.coodesoft.com.ar\/index.php\/wp-json\/wp\/v2\/posts\/2419\/revisions"}],"predecessor-version":[{"id":2420,"href":"https:\/\/vdl-dev.coodesoft.com.ar\/index.php\/wp-json\/wp\/v2\/posts\/2419\/revisions\/2420"}],"wp:attachment":[{"href":"https:\/\/vdl-dev.coodesoft.com.ar\/index.php\/wp-json\/wp\/v2\/media?parent=2419"}],"wp:term":[{"taxonomy":"category","embeddable":true,"href":"https:\/\/vdl-dev.coodesoft.com.ar\/index.php\/wp-json\/wp\/v2\/categories?post=2419"},{"taxonomy":"post_tag","embeddable":true,"href":"https:\/\/vdl-dev.coodesoft.com.ar\/index.php\/wp-json\/wp\/v2\/tags?post=2419"}],"curies":[{"name":"wp","href":"https:\/\/api.w.org\/{rel}","templated":true}]}}