{"id":2431,"date":"2021-04-21T16:06:52","date_gmt":"2021-04-21T19:06:52","guid":{"rendered":"http:\/\/vocesdellangueyu.com.ar\/?p=2431"},"modified":"2021-04-21T16:06:55","modified_gmt":"2021-04-21T19:06:55","slug":"se-anuncian-mas-restricciones-en-el-marco-de-la-situacion-sanitaria","status":"publish","type":"post","link":"https:\/\/vdl-dev.coodesoft.com.ar\/index.php\/2021\/04\/21\/se-anuncian-mas-restricciones-en-el-marco-de-la-situacion-sanitaria\/","title":{"rendered":"SE ANUNCIAN M\u00c1S RESTRICCIONES EN EL MARCO DE LA SITUACI\u00d3N SANITARIA"},"content":{"rendered":"\n<p>Este medio\nd\u00eda en conferencia de prensa el Intendente Municipal Maximiliano Suescun junto\nal Secretario de Planificaci\u00f3n Mario Ibargoyen, los responsables del \u00e1rea de\nsalud Juan Pedro Achaga y la doctora Rosana V\u00e9lez anunciaron las nuevas medidas\nque se tomaran desde las\n22 hs del d\u00eda mi\u00e9rcoles 21 de Abril del corriente a\u00f1o, y hasta el d\u00eda jueves 29\nde Abril de 2021.<\/p>\n\n\n\n<p>\u201cHoy estoy\ntratando de ayudar al enorme esfuerzo que se est\u00e1 haciendo desde el sistema de\nsalud y al sistema de salud mismo\u201d.<\/p>\n\n\n\n<p>\u201cLas medidas\nque tomamos es para desafectar parte del sistema de&nbsp; salud\u201d.<\/p>\n\n\n\n<p>Fundamentalmente\nlas&nbsp; medidas son en lo que tiene que ver\ncon el achicamiento de los horarios en actividades nocturnas que afectar\u00e1n al\ncomercio gastron\u00f3mico y una intenci\u00f3n firme de reducir al m\u00ednimo posible las\nreuniones sociales y familiares. <\/p>\n\n\n\n<p>Se aplican\nlas siguientes medidas:&nbsp; <\/p>\n\n\n\n<p>El horario de cierre para comercios y\nactividades, en general para todo rubro, es a las 22 horas. <\/p>\n\n\n\n<p>El horario\nl\u00edmite de circulaci\u00f3n de personas es hasta la hora 22 y 30 hs.<\/p>\n\n\n\n<p>Se permite\nla concurrencia de personas para retiro de mercader\u00eda en el comercio, o consumo\nen los locales dedicados a gastronom\u00eda, confiter\u00edas y rubros afines, hasta la\nhora 22.<\/p>\n\n\n\n<p>En caso de\nconsumo en el lugar, se podr\u00e1 utilizar mesas con un m\u00e1ximo de 4 personas, por\nmesa, y con suficiente espacio entre s\u00ed para permitir el distanciamiento\nsocial.<\/p>\n\n\n\n<p>&nbsp; Queda tambi\u00e9n autorizado para los comercios\nel sistema de reparto en domicilio (delivery), hasta la hora 24.&nbsp; <\/p>\n\n\n\n<p>Se\nsuspenden todo tipo de eventos culturales,&nbsp;\nreligiosos, e institucionales, con participaciones en grupos.&nbsp; <\/p>\n\n\n\n<p>En caso de\nactividades culturales individuales, no grupales, se podr\u00e1n realizar en\ncumplimiento de todos los protocolos de prevenci\u00f3n.<\/p>\n\n\n\n<p>Se suspenden\ntodo tipo de actividades deportivas grupales.<\/p>\n\n\n\n<p>Se mantienen autorizados los deportes que\npuedan ser desarrollados en forma individual, as\u00ed como tambi\u00e9n el paddle, tenis\ny pelota a paleta, estas \u00faltimas tres disciplinas en modalidad single.<\/p>\n\n\n\n<p>Gimnasios: Los locales deber\u00e1n funcionar con una ocupaci\u00f3n m\u00e1xima en su interior\nde hasta 4 personas, o al aire libre en espacios p\u00fablicos en un m\u00e1ximo de hasta\n10 personas, cumpliendo con el distanciamiento social.<\/p>\n\n\n\n<p>Se\nmantienen en funcionamiento los jardines maternales, y los centros de d\u00eda para\ntercera edad y discapacidad.<\/p>\n\n\n\n<p>Escuelas: Se mantiene la propuesta\ncoordinada con Provincia de Bs. As., de continuidad de las clases presenciales.<\/p>\n\n\n\n<p>La situaci\u00f3n\nsanitaria en cuanto a la ocupaci\u00f3n de camas en el hospital sigue siendo\nsensible teniendo en cuenta que hay s\u00f3lo una persona internada en terapia con\ncovid pero hay tres de las cuatro camas ocupadas<\/p>\n","protected":false},"excerpt":{"rendered":"<p>Este medio d\u00eda en conferencia de prensa el Intendente Municipal Maximiliano Suescun junto al Secretario de Planificaci\u00f3n Mario Ibargoyen, los responsables del \u00e1rea de salud Juan Pedro Achaga y la doctora Rosana V\u00e9lez anunciaron las nuevas medidas que se tomaran desde las 22 hs del d\u00eda mi\u00e9rcoles 21 de Abril del corriente a\u00f1o, y hasta [&hellip;]<\/p>\n","protected":false},"author":4,"featured_media":2432,"comment_status":"open","ping_status":"open","sticky":false,"template":"","format":"standard","meta":{"spay_email":"","jetpack_publicize_message":""},"categories":[17,11,13],"tags":[],"jetpack_featured_media_url":"https:\/\/vdl-dev.coodesoft.com.ar\/wp-content\/uploads\/2021\/04\/suescn.jpeg","jetpack_publicize_connections":[],"jetpack_sharing_enabled":true,"jetpack_shortlink":"https:\/\/wp.me\/paQJuC-Dd","_links":{"self":[{"href":"https:\/\/vdl-dev.coodesoft.com.ar\/index.php\/wp-json\/wp\/v2\/posts\/2431"}],"collection":[{"href":"https:\/\/vdl-dev.coodesoft.com.ar\/index.php\/wp-json\/wp\/v2\/posts"}],"about":[{"href":"https:\/\/vdl-dev.coodesoft.com.ar\/index.php\/wp-json\/wp\/v2\/types\/post"}],"author":[{"embeddable":true,"href":"https:\/\/vdl-dev.coodesoft.com.ar\/index.php\/wp-json\/wp\/v2\/users\/4"}],"replies":[{"embeddable":true,"href":"https:\/\/vdl-dev.coodesoft.com.ar\/index.php\/wp-json\/wp\/v2\/comments?post=2431"}],"version-history":[{"count":1,"href":"https:\/\/vdl-dev.coodesoft.com.ar\/index.php\/wp-json\/wp\/v2\/posts\/2431\/revisions"}],"predecessor-version":[{"id":2433,"href":"https:\/\/vdl-dev.coodesoft.com.ar\/index.php\/wp-json\/wp\/v2\/posts\/2431\/revisions\/2433"}],"wp:featuredmedia":[{"embeddable":true,"href":"https:\/\/vdl-dev.coodesoft.com.ar\/index.php\/wp-json\/wp\/v2\/media\/2432"}],"wp:attachment":[{"href":"https:\/\/vdl-dev.coodesoft.com.ar\/index.php\/wp-json\/wp\/v2\/media?parent=2431"}],"wp:term":[{"taxonomy":"category","embeddable":true,"href":"https:\/\/vdl-dev.coodesoft.com.ar\/index.php\/wp-json\/wp\/v2\/categories?post=2431"},{"taxonomy":"post_tag","embeddable":true,"href":"https:\/\/vdl-dev.coodesoft.com.ar\/index.php\/wp-json\/wp\/v2\/tags?post=2431"}],"curies":[{"name":"wp","href":"https:\/\/api.w.org\/{rel}","templated":true}]}}