{"id":2438,"date":"2021-04-21T16:27:17","date_gmt":"2021-04-21T19:27:17","guid":{"rendered":"http:\/\/vocesdellangueyu.com.ar\/?p=2438"},"modified":"2021-04-21T16:27:21","modified_gmt":"2021-04-21T19:27:21","slug":"actualizacion-de-la-situacion-epidemiologica-de-nuestra-ciudad","status":"publish","type":"post","link":"https:\/\/vdl-dev.coodesoft.com.ar\/index.php\/2021\/04\/21\/actualizacion-de-la-situacion-epidemiologica-de-nuestra-ciudad\/","title":{"rendered":"ACTUALIZACI\u00d3N DE LA SITUACI\u00d3N EPIDEMIOL\u00d3GICA DE NUESTRA CIUDAD"},"content":{"rendered":"\n<p><\/p>\n\n\n\n<p>La situaci\u00f3n\nsanitaria en cuanto a la ocupaci\u00f3n de camas en el hospital sigue siendo\nsensible teniendo en cuenta que hay s\u00f3lo una persona internada en terapia con\ncovid pero hay tres de las cuatro camas ocupadas<\/p>\n\n\n\n<p>Juan Pedro\nAchaga,&nbsp; Responsable del \u00c1rea de\nSalud&nbsp; inform\u00f3 este medio d\u00eda en&nbsp; conferencia de prensa el estado\nepidemiol\u00f3gico de la ciudad, \u201ctenemos 192 casos activos,&nbsp; con 10 PCR pendientes, 600 aislados,&nbsp; 5 personas fallecidas, a&nbsp; nivel hospital tenemos un paciente covid&nbsp; internado en UTI con asistencia&nbsp; respiratoria mec\u00e1nica, y en sala tenemos una\nocupaci\u00f3n del 70%, de 10 camas tenemos 7 pacientes, hab\u00edamos llegado a 11 y\ntuvimos que ampliar la sala de oncolog\u00eda. Los casos totales son1251\u201d.<\/p>\n\n\n\n<p>El promedio\nde edad \u201cha bajado\u201d de&nbsp; contacto estrecho\nde 27 a\u00f1os y el promedio de positivos de 34 a\u00f1os, el promedio de&nbsp; edad de internaci\u00f3n es de 54 a\u00f1os, \u201cseg\u00fan\n\u00edndices de la Provincia en Rauch estamos considerados de alto&nbsp; riesgo\u201d.<\/p>\n\n\n\n<p>El sistema\nde salud se&nbsp; ha ampliado con dos\ncentros&nbsp; de monitoreo y mayor\nparticipaci\u00f3n del plan m\u00e9dico de la ciudad.<\/p>\n","protected":false},"excerpt":{"rendered":"<p>La situaci\u00f3n sanitaria en cuanto a la ocupaci\u00f3n de camas en el hospital sigue siendo sensible teniendo en cuenta que hay s\u00f3lo una persona internada en terapia con covid pero hay tres de las cuatro camas ocupadas Juan Pedro Achaga,&nbsp; Responsable del \u00c1rea de Salud&nbsp; inform\u00f3 este medio d\u00eda en&nbsp; conferencia de prensa el estado [&hellip;]<\/p>\n","protected":false},"author":4,"featured_media":2439,"comment_status":"open","ping_status":"open","sticky":false,"template":"","format":"standard","meta":{"spay_email":"","jetpack_publicize_message":""},"categories":[17,11,13],"tags":[],"jetpack_featured_media_url":"https:\/\/vdl-dev.coodesoft.com.ar\/wp-content\/uploads\/2021\/04\/WhatsApp-Image-2021-04-21-at-2.29.20-PM-1.jpeg","jetpack_publicize_connections":[],"jetpack_sharing_enabled":true,"jetpack_shortlink":"https:\/\/wp.me\/paQJuC-Dk","_links":{"self":[{"href":"https:\/\/vdl-dev.coodesoft.com.ar\/index.php\/wp-json\/wp\/v2\/posts\/2438"}],"collection":[{"href":"https:\/\/vdl-dev.coodesoft.com.ar\/index.php\/wp-json\/wp\/v2\/posts"}],"about":[{"href":"https:\/\/vdl-dev.coodesoft.com.ar\/index.php\/wp-json\/wp\/v2\/types\/post"}],"author":[{"embeddable":true,"href":"https:\/\/vdl-dev.coodesoft.com.ar\/index.php\/wp-json\/wp\/v2\/users\/4"}],"replies":[{"embeddable":true,"href":"https:\/\/vdl-dev.coodesoft.com.ar\/index.php\/wp-json\/wp\/v2\/comments?post=2438"}],"version-history":[{"count":1,"href":"https:\/\/vdl-dev.coodesoft.com.ar\/index.php\/wp-json\/wp\/v2\/posts\/2438\/revisions"}],"predecessor-version":[{"id":2440,"href":"https:\/\/vdl-dev.coodesoft.com.ar\/index.php\/wp-json\/wp\/v2\/posts\/2438\/revisions\/2440"}],"wp:featuredmedia":[{"embeddable":true,"href":"https:\/\/vdl-dev.coodesoft.com.ar\/index.php\/wp-json\/wp\/v2\/media\/2439"}],"wp:attachment":[{"href":"https:\/\/vdl-dev.coodesoft.com.ar\/index.php\/wp-json\/wp\/v2\/media?parent=2438"}],"wp:term":[{"taxonomy":"category","embeddable":true,"href":"https:\/\/vdl-dev.coodesoft.com.ar\/index.php\/wp-json\/wp\/v2\/categories?post=2438"},{"taxonomy":"post_tag","embeddable":true,"href":"https:\/\/vdl-dev.coodesoft.com.ar\/index.php\/wp-json\/wp\/v2\/tags?post=2438"}],"curies":[{"name":"wp","href":"https:\/\/api.w.org\/{rel}","templated":true}]}}