{"id":2445,"date":"2021-04-22T14:32:19","date_gmt":"2021-04-22T17:32:19","guid":{"rendered":"http:\/\/vocesdellangueyu.com.ar\/?p=2445"},"modified":"2021-04-22T14:32:23","modified_gmt":"2021-04-22T17:32:23","slug":"entrevista-del-ministro-de-obras-publicas-de-la-nacion-gabriel-katopodis-con-concejales-del-frente-de-todos-luciano-fernandez-fue-una-charla-amplia-linda-y-partidaria","status":"publish","type":"post","link":"https:\/\/vdl-dev.coodesoft.com.ar\/index.php\/2021\/04\/22\/entrevista-del-ministro-de-obras-publicas-de-la-nacion-gabriel-katopodis-con-concejales-del-frente-de-todos-luciano-fernandez-fue-una-charla-amplia-linda-y-partidaria\/","title":{"rendered":"ENTREVISTA DEL MINISTRO DE OBRAS P\u00daBLICAS DE LA NACI\u00d3N GABRIEL KATOPODIS CON CONCEJALES DEL FRENTE DE TODOS:  LUCIANO FERN\u00c1NDEZ \u201cFUE UNA CHARLA AMPLIA, LINDA Y PARTIDARIA\u201d"},"content":{"rendered":"\n<p><\/p>\n\n\n\n<p>El concejal\nLuciano Fern\u00e1ndez, del bloque del Frente de Todos, describi\u00f3 cu\u00e1l fue su\nimpresi\u00f3n de la reuni\u00f3n que mantuvieron ayer con el Ministro de Obras P\u00fablicas\nde la Naci\u00f3n Gabriel Katopodis en su visita a Rauch.<\/p>\n\n\n\n<p>El\nfuncionario se entrevist\u00f3 con concejales y dirigentes del Frente de Todos en el\nSal\u00f3n Blanco Municipal a primera hora, antes de la firma de convenios con el\nGobierno local y la recorrida por diferentes obras con financiamiento de Naci\u00f3n\ny Provincia que se est\u00e1n ejecutando.<\/p>\n\n\n\n<p>\u201cGabriel es\nun tipo que viene laburando en esto hace much\u00edsimo y tiempo sabe un mont\u00f3n, fue\nuna charla abierta, linda y partidaria tuvimos la posibilidad de marcar un par\nde ejes o caminos que debemos recorrer todos juntos\u201d.<\/p>\n\n\n\n<p>\u201cA trav\u00e9s de\nnuestra Presidente de Bloque Mar\u00eda Lamarche presentamos un bosquejo de un\nproyecto que habla de un re adecuamiento de la ruta 30 \/ 50 que pasa por la\nzona urbana. Ayer planteamos la presentaci\u00f3n del proyecto al Ministro de manera\nt\u00e9cnica\u201d.<\/p>\n\n\n\n<p>Adem\u00e1s\nparticiparon dirigentes de organizaciones intermedias, varias gremiales, que\nfueron especialmente invitados por los ediles del principal bloque opositor\npara que pudieran transmitirle al Ministro sus proyectos o inquietudes.<\/p>\n","protected":false},"excerpt":{"rendered":"<p>El concejal Luciano Fern\u00e1ndez, del bloque del Frente de Todos, describi\u00f3 cu\u00e1l fue su impresi\u00f3n de la reuni\u00f3n que mantuvieron ayer con el Ministro de Obras P\u00fablicas de la Naci\u00f3n Gabriel Katopodis en su visita a Rauch. El funcionario se entrevist\u00f3 con concejales y dirigentes del Frente de Todos en el Sal\u00f3n Blanco Municipal a [&hellip;]<\/p>\n","protected":false},"author":4,"featured_media":2446,"comment_status":"open","ping_status":"open","sticky":false,"template":"","format":"standard","meta":{"spay_email":"","jetpack_publicize_message":""},"categories":[17,11,13],"tags":[],"jetpack_featured_media_url":"https:\/\/vdl-dev.coodesoft.com.ar\/wp-content\/uploads\/2021\/04\/176198135_899523107556123_230205502365197595_n.jpg","jetpack_publicize_connections":[],"jetpack_sharing_enabled":true,"jetpack_shortlink":"https:\/\/wp.me\/paQJuC-Dr","_links":{"self":[{"href":"https:\/\/vdl-dev.coodesoft.com.ar\/index.php\/wp-json\/wp\/v2\/posts\/2445"}],"collection":[{"href":"https:\/\/vdl-dev.coodesoft.com.ar\/index.php\/wp-json\/wp\/v2\/posts"}],"about":[{"href":"https:\/\/vdl-dev.coodesoft.com.ar\/index.php\/wp-json\/wp\/v2\/types\/post"}],"author":[{"embeddable":true,"href":"https:\/\/vdl-dev.coodesoft.com.ar\/index.php\/wp-json\/wp\/v2\/users\/4"}],"replies":[{"embeddable":true,"href":"https:\/\/vdl-dev.coodesoft.com.ar\/index.php\/wp-json\/wp\/v2\/comments?post=2445"}],"version-history":[{"count":1,"href":"https:\/\/vdl-dev.coodesoft.com.ar\/index.php\/wp-json\/wp\/v2\/posts\/2445\/revisions"}],"predecessor-version":[{"id":2447,"href":"https:\/\/vdl-dev.coodesoft.com.ar\/index.php\/wp-json\/wp\/v2\/posts\/2445\/revisions\/2447"}],"wp:featuredmedia":[{"embeddable":true,"href":"https:\/\/vdl-dev.coodesoft.com.ar\/index.php\/wp-json\/wp\/v2\/media\/2446"}],"wp:attachment":[{"href":"https:\/\/vdl-dev.coodesoft.com.ar\/index.php\/wp-json\/wp\/v2\/media?parent=2445"}],"wp:term":[{"taxonomy":"category","embeddable":true,"href":"https:\/\/vdl-dev.coodesoft.com.ar\/index.php\/wp-json\/wp\/v2\/categories?post=2445"},{"taxonomy":"post_tag","embeddable":true,"href":"https:\/\/vdl-dev.coodesoft.com.ar\/index.php\/wp-json\/wp\/v2\/tags?post=2445"}],"curies":[{"name":"wp","href":"https:\/\/api.w.org\/{rel}","templated":true}]}}