{"id":2448,"date":"2021-04-22T14:40:55","date_gmt":"2021-04-22T17:40:55","guid":{"rendered":"http:\/\/vocesdellangueyu.com.ar\/?p=2448"},"modified":"2021-04-22T14:40:59","modified_gmt":"2021-04-22T17:40:59","slug":"reunion-del-bloque-frente-de-todo-con-el-ministro-de-obras-publicas-de-la-nacion-gabriel-katopodis-en-su-visita-a-rauch","status":"publish","type":"post","link":"https:\/\/vdl-dev.coodesoft.com.ar\/index.php\/2021\/04\/22\/reunion-del-bloque-frente-de-todo-con-el-ministro-de-obras-publicas-de-la-nacion-gabriel-katopodis-en-su-visita-a-rauch\/","title":{"rendered":"REUNI\u00d3N DEL BLOQUE FRENTE DE TODO CON EL MINISTRO DE OBRAS P\u00daBLICAS  DE LA NACI\u00d3N, GABRIEL KATOPODIS EN SU VISITA A RAUCH"},"content":{"rendered":"\n<p><\/p>\n\n\n\n<p>La bancada de\nconcejales del Frente de Todos, en su perfil de Facebook, rese\u00f1\u00f3 los alcances\nde la reuni\u00f3n que mantuvieron ayer con el Ministro de Obras P\u00fablicas de la\nNaci\u00f3n Gabriel Katopodis en su visita a Rauch, acompa\u00f1ado por funcionarios del\nGobierno Bonaerense y legisladores provinciales del oficialismo.<\/p>\n\n\n\n<p>El bloque\nexpresa que all\u00ed \u201crealizamos un an\u00e1lisis distrital, y le trasladamos una agenda\np\u00fablica de prioridades, para que formen parte de las l\u00edneas de trabajo entre\nNaci\u00f3n y Provincia\u201d.<\/p>\n\n\n\n<p>Entre los\nprincipales planteos que realizaron sobresale la reanudaci\u00f3n de la obra del\nJard\u00edn de Infantes ubicado en la esq. de&nbsp;\nLas Heras y 25 de Mayo \u201cque fuera prometido por Macri dentro del\nprograma \u201c3000 Jardines\u201d, que como en otras localidades, qued\u00f3 inconcluso, en\nestado de abandono\u201d describen. <\/p>\n\n\n\n<p>\u201cHemos\nmanifestado, al Ministro, sobre la importancia de su terminaci\u00f3n para\nfinalmente brindar el servicio educativo, y adem\u00e1s, la recuperaci\u00f3n y puesta en\nobra, implica valorar los fondos p\u00fablicos que se han invertido en la primer\netapa que est\u00e1 a la vista\u201d agregan.<\/p>\n\n\n\n<p>Otra iniciativa sustancial es la \u201cmodernizaci\u00f3n del tramo de la Ruta 30 que atraviesa la planta\nurbana, con ampliaci\u00f3n de cinta asf\u00e1ltica, d\u00e1rsenas y rotondas distribuidoras\nde tr\u00e1nsito, para garantizar un adecuado ordenamiento del mismo, teniendo en\ncuanta la alta movilidad que se da entre quienes transitan por la ruta, y el\ncruce entre la planta urbana y el sector del otro lado de la ruta, que tiene\nalta densidad poblacional, con escuela, jard\u00edn de infantes, el Corral\u00f3n\nMunicipal, comercios y empresas de servicios, y muchas familias radicadas desde\nhace mucho tiempo, otras que recientemente han adquirido lotes y construyen,\nadem\u00e1s de la quinta con 180 lotes del Centro Empleados de Comercio, con\nexpectativas de construir viviendas sociales\u201d.<\/p>\n\n\n\n<p>\u201cPor su\nparte, el Secretario General del Centro Empleados de Comercio, Rub\u00e9n Pe\u00e9s, hizo\nentrega de carpetas con la documentaci\u00f3n de la subdivisi\u00f3n de la quinta\naprobada por la Subsecretar\u00eda de Habit\u00e1t y Vivienda Provincial \u2013del que surgen\nlos 180 lotes citados-, y expres\u00f3 sobre la necesidad de contar con el apoyo del\ngobierno nacional para incorporar toda la infraestructura, y a su vez, iniciar\nlas gestiones pertinentes para construir viviendas sociales, mediante las\nl\u00edneas constructivas que pueda disponer el gobierno provincial y\/o nacional\u201d\ninformaron.<\/p>\n\n\n\n<p>Tambi\u00e9n\nse\u00f1alan que \u201cla referente pol\u00edtica de COOPTEBA y Cooperativa Mayo, Liliana\nCirullo junto a la arquitecta Alicia Miguez, pusieron en conocimiento de las\nautoridades, sobre la ejecuci\u00f3n del proyecto de 56 viviendas para docentes que\nse llev\u00f3 adelante, la construcci\u00f3n de viviendas que est\u00e1n en obra por parte de\nCooperativa Mayo y la obra de cord\u00f3n cuneta en construcci\u00f3n, y plantearon sobre\nuna nueva presentaci\u00f3n que han realizado en el gobierno provincial para la\nconstrucci\u00f3n de alrededor de 90 viviendas sociales para la cooperativa de\nviviendas con mano de obra de Cooperativa Mayo\u201d.<\/p>\n","protected":false},"excerpt":{"rendered":"<p>La bancada de concejales del Frente de Todos, en su perfil de Facebook, rese\u00f1\u00f3 los alcances de la reuni\u00f3n que mantuvieron ayer con el Ministro de Obras P\u00fablicas de la Naci\u00f3n Gabriel Katopodis en su visita a Rauch, acompa\u00f1ado por funcionarios del Gobierno Bonaerense y legisladores provinciales del oficialismo. El bloque expresa que all\u00ed \u201crealizamos [&hellip;]<\/p>\n","protected":false},"author":4,"featured_media":2449,"comment_status":"open","ping_status":"open","sticky":false,"template":"","format":"standard","meta":{"spay_email":"","jetpack_publicize_message":""},"categories":[17,11,13],"tags":[],"jetpack_featured_media_url":"https:\/\/vdl-dev.coodesoft.com.ar\/wp-content\/uploads\/2021\/04\/177373584_899523014222799_2376487472967412108_n.jpg","jetpack_publicize_connections":[],"jetpack_sharing_enabled":true,"jetpack_shortlink":"https:\/\/wp.me\/paQJuC-Du","_links":{"self":[{"href":"https:\/\/vdl-dev.coodesoft.com.ar\/index.php\/wp-json\/wp\/v2\/posts\/2448"}],"collection":[{"href":"https:\/\/vdl-dev.coodesoft.com.ar\/index.php\/wp-json\/wp\/v2\/posts"}],"about":[{"href":"https:\/\/vdl-dev.coodesoft.com.ar\/index.php\/wp-json\/wp\/v2\/types\/post"}],"author":[{"embeddable":true,"href":"https:\/\/vdl-dev.coodesoft.com.ar\/index.php\/wp-json\/wp\/v2\/users\/4"}],"replies":[{"embeddable":true,"href":"https:\/\/vdl-dev.coodesoft.com.ar\/index.php\/wp-json\/wp\/v2\/comments?post=2448"}],"version-history":[{"count":1,"href":"https:\/\/vdl-dev.coodesoft.com.ar\/index.php\/wp-json\/wp\/v2\/posts\/2448\/revisions"}],"predecessor-version":[{"id":2450,"href":"https:\/\/vdl-dev.coodesoft.com.ar\/index.php\/wp-json\/wp\/v2\/posts\/2448\/revisions\/2450"}],"wp:featuredmedia":[{"embeddable":true,"href":"https:\/\/vdl-dev.coodesoft.com.ar\/index.php\/wp-json\/wp\/v2\/media\/2449"}],"wp:attachment":[{"href":"https:\/\/vdl-dev.coodesoft.com.ar\/index.php\/wp-json\/wp\/v2\/media?parent=2448"}],"wp:term":[{"taxonomy":"category","embeddable":true,"href":"https:\/\/vdl-dev.coodesoft.com.ar\/index.php\/wp-json\/wp\/v2\/categories?post=2448"},{"taxonomy":"post_tag","embeddable":true,"href":"https:\/\/vdl-dev.coodesoft.com.ar\/index.php\/wp-json\/wp\/v2\/tags?post=2448"}],"curies":[{"name":"wp","href":"https:\/\/api.w.org\/{rel}","templated":true}]}}