{"id":2469,"date":"2021-04-26T16:10:01","date_gmt":"2021-04-26T19:10:01","guid":{"rendered":"http:\/\/vocesdellangueyu.com.ar\/?p=2469"},"modified":"2021-04-26T16:10:04","modified_gmt":"2021-04-26T19:10:04","slug":"admiten-que-podrian-prorrogarse-las-restricciones-que-se-implementaron-la-semana-pasada-por-el-coronavirus","status":"publish","type":"post","link":"https:\/\/vdl-dev.coodesoft.com.ar\/index.php\/2021\/04\/26\/admiten-que-podrian-prorrogarse-las-restricciones-que-se-implementaron-la-semana-pasada-por-el-coronavirus\/","title":{"rendered":"ADMITEN QUE PODR\u00cdAN PRORROGARSE LAS RESTRICCIONES QUE SE IMPLEMENTARON LA SEMANA PASADA POR EL CORONAVIRUS"},"content":{"rendered":"\n<p>El titular\ndel Sistema Municipal de Salud Juan Pedro Achaga admiti\u00f3 que es probable que se\nextiendan las medidas restrictivas que se adoptaron la semana pasada por el\nincremento de la ocupaci\u00f3n de camas a ra\u00edz del coronavirus, y que tienen\nvigencia hasta este jueves.<\/p>\n\n\n\n<p>\u201cLa\ndiscusi\u00f3n es muy traum\u00e1tica despu\u00e9s de a\u00f1os 2020 tan&nbsp; duro con tantas consecuencias psicol\u00f3gicas y\necon\u00f3micas\u201d.<\/p>\n\n\n\n<p>Si bien dijo\nque a\u00fan no puede medirse el resultado de las medidas, para lo que habr\u00e1 que esperar\nalgunos d\u00edas m\u00e1s, Achaga expres\u00f3 que \u201clas&nbsp;\nmedidas, por discutidas que sean, por l\u00f3gica probablemente deber\u00edan\nprorrogarse porque esto uno tiene que pensar que est\u00e1 en ascenso, no\nentramos&nbsp; al invierno pleno todav\u00eda, y\nlos casos suben\u2026\u201d.<\/p>\n\n\n\n<p>Para ello\ndescribi\u00f3 que ser\u00e1 clave \u201cel nivel de positividad\u201d que se detecte estos d\u00edas en\nlos operativos de testeos.<\/p>\n\n\n\n<p>El\nfuncionario aclar\u00f3 que las determinaciones se adoptan \u201csiempre pensando lo\nmejor para todos, a nivel salud sobre todo\u201d desde la Mesa de Emergencia. <\/p>\n\n\n\n<p>Achaga\ntambi\u00e9n se\u00f1al\u00f3 que se intenta equilibrar las decisiones contemplando la\ncuesti\u00f3n sanitaria, pero tambi\u00e9n el perjuicio que generan las restricciones en\nmateria econ\u00f3mica.<\/p>\n\n\n\n<p>El titular\ndel Sistema de Salud explic\u00f3 cu\u00e1l es la situaci\u00f3n en cuanto a la ocupaci\u00f3n de\ncamas.<\/p>\n\n\n\n<p>En la Unidad\nde Terapia Intensiva hay tres pacientes internados (uno con Covid), siendo\ncuatro las camas disponibles, aunque Achaga indic\u00f3 que en el sector de guardia\ndel Hospital Municipal se adaptaron dos camas m\u00e1s con respirador a partir de la\nadquisici\u00f3n de dos man\u00f3metros.<\/p>\n\n\n\n<p>\u201cSi bien es\nun poco artesanal\u201d se consigui\u00f3 ampliar la capacidad de atenci\u00f3n expres\u00f3.<\/p>\n\n\n\n<p>Achaga\nexplic\u00f3 que siguen \u201ccon mucha expectativa\u201d la llegada de m\u00e1s vacunas ya que \u201ctenemos\nmuy buen \u00edndice de vacunados por arriba de los de 70 (unas 1400 personas), pero\nestamos muy bajos por arriba de los de 60 a\u00f1os con comorbilidad (140). Esa\ncifra nos preocupa\u2026\u201d.<\/p>\n\n\n\n<p>El m\u00e9dico explic\u00f3\nlas complicaciones en el estado de salud del hombre de 80 a\u00f1os que se\ntransform\u00f3 ayer en la sexta v\u00edctima mortal por el coronavirus en Rauch<\/p>\n","protected":false},"excerpt":{"rendered":"<p>El titular del Sistema Municipal de Salud Juan Pedro Achaga admiti\u00f3 que es probable que se extiendan las medidas restrictivas que se adoptaron la semana pasada por el incremento de la ocupaci\u00f3n de camas a ra\u00edz del coronavirus, y que tienen vigencia hasta este jueves. \u201cLa discusi\u00f3n es muy traum\u00e1tica despu\u00e9s de a\u00f1os 2020 tan&nbsp; [&hellip;]<\/p>\n","protected":false},"author":4,"featured_media":2301,"comment_status":"open","ping_status":"open","sticky":false,"template":"","format":"standard","meta":{"spay_email":"","jetpack_publicize_message":""},"categories":[17,11,13],"tags":[],"jetpack_featured_media_url":"https:\/\/vdl-dev.coodesoft.com.ar\/wp-content\/uploads\/2021\/04\/WhatsApp-Image-2021-04-09-at-12.59.51-PM.jpeg","jetpack_publicize_connections":[],"jetpack_sharing_enabled":true,"jetpack_shortlink":"https:\/\/wp.me\/paQJuC-DP","_links":{"self":[{"href":"https:\/\/vdl-dev.coodesoft.com.ar\/index.php\/wp-json\/wp\/v2\/posts\/2469"}],"collection":[{"href":"https:\/\/vdl-dev.coodesoft.com.ar\/index.php\/wp-json\/wp\/v2\/posts"}],"about":[{"href":"https:\/\/vdl-dev.coodesoft.com.ar\/index.php\/wp-json\/wp\/v2\/types\/post"}],"author":[{"embeddable":true,"href":"https:\/\/vdl-dev.coodesoft.com.ar\/index.php\/wp-json\/wp\/v2\/users\/4"}],"replies":[{"embeddable":true,"href":"https:\/\/vdl-dev.coodesoft.com.ar\/index.php\/wp-json\/wp\/v2\/comments?post=2469"}],"version-history":[{"count":1,"href":"https:\/\/vdl-dev.coodesoft.com.ar\/index.php\/wp-json\/wp\/v2\/posts\/2469\/revisions"}],"predecessor-version":[{"id":2470,"href":"https:\/\/vdl-dev.coodesoft.com.ar\/index.php\/wp-json\/wp\/v2\/posts\/2469\/revisions\/2470"}],"wp:featuredmedia":[{"embeddable":true,"href":"https:\/\/vdl-dev.coodesoft.com.ar\/index.php\/wp-json\/wp\/v2\/media\/2301"}],"wp:attachment":[{"href":"https:\/\/vdl-dev.coodesoft.com.ar\/index.php\/wp-json\/wp\/v2\/media?parent=2469"}],"wp:term":[{"taxonomy":"category","embeddable":true,"href":"https:\/\/vdl-dev.coodesoft.com.ar\/index.php\/wp-json\/wp\/v2\/categories?post=2469"},{"taxonomy":"post_tag","embeddable":true,"href":"https:\/\/vdl-dev.coodesoft.com.ar\/index.php\/wp-json\/wp\/v2\/tags?post=2469"}],"curies":[{"name":"wp","href":"https:\/\/api.w.org\/{rel}","templated":true}]}}