{"id":2488,"date":"2021-04-27T14:28:46","date_gmt":"2021-04-27T17:28:46","guid":{"rendered":"http:\/\/vocesdellangueyu.com.ar\/?p=2488"},"modified":"2021-04-27T14:28:50","modified_gmt":"2021-04-27T17:28:50","slug":"preocupacion-por-el-aumento-de-los-casos-positivos-de-coronavirus-en-rauch","status":"publish","type":"post","link":"https:\/\/vdl-dev.coodesoft.com.ar\/index.php\/2021\/04\/27\/preocupacion-por-el-aumento-de-los-casos-positivos-de-coronavirus-en-rauch\/","title":{"rendered":"PREOCUPACI\u00d3N POR EL AUMENTO DE LOS CASOS POSITIVOS DE CORONAVIRUS EN RAUCH"},"content":{"rendered":"\n<p>El\nPresidente del Concejo Deliberante Gustavo Palazzo, del bloque del oficialismo,\ntransmiti\u00f3 esta ma\u00f1ana que \u201chay preocupaci\u00f3n en toda la poblaci\u00f3n\u201d en torno a\nla situaci\u00f3n sanitaria de la ciudad&nbsp; por\nel n\u00famero de casos positivos de coronavirus.<\/p>\n\n\n\n<p>\u201cMa\u00f1ana a\nlas 9 de la ma\u00f1ana hay una nueva reuni\u00f3n de la mesa ampliada para volver a\nanalizar las medidas que se tomaron las dos semanas anteriores y analizar\nnuevas medidas a tomar de cara a futuro&nbsp; seg\u00fan\nfueron evolucionando los casos\u201d.<\/p>\n\n\n\n<p>\u201cCreo que preocupaci\u00f3n hay en todos, seguimos casi el 20% de contagios en la ciudad y la ocupaci\u00f3n de camas sigue siendo alta&#8221;.<\/p>\n","protected":false},"excerpt":{"rendered":"<p>El Presidente del Concejo Deliberante Gustavo Palazzo, del bloque del oficialismo, transmiti\u00f3 esta ma\u00f1ana que \u201chay preocupaci\u00f3n en toda la poblaci\u00f3n\u201d en torno a la situaci\u00f3n sanitaria de la ciudad&nbsp; por el n\u00famero de casos positivos de coronavirus. \u201cMa\u00f1ana a las 9 de la ma\u00f1ana hay una nueva reuni\u00f3n de la mesa ampliada para volver [&hellip;]<\/p>\n","protected":false},"author":4,"featured_media":986,"comment_status":"open","ping_status":"open","sticky":false,"template":"","format":"standard","meta":{"spay_email":"","jetpack_publicize_message":""},"categories":[17,11,13],"tags":[],"jetpack_featured_media_url":"https:\/\/vdl-dev.coodesoft.com.ar\/wp-content\/uploads\/2020\/09\/palazzo-licencia.jpeg","jetpack_publicize_connections":[],"jetpack_sharing_enabled":true,"jetpack_shortlink":"https:\/\/wp.me\/paQJuC-E8","_links":{"self":[{"href":"https:\/\/vdl-dev.coodesoft.com.ar\/index.php\/wp-json\/wp\/v2\/posts\/2488"}],"collection":[{"href":"https:\/\/vdl-dev.coodesoft.com.ar\/index.php\/wp-json\/wp\/v2\/posts"}],"about":[{"href":"https:\/\/vdl-dev.coodesoft.com.ar\/index.php\/wp-json\/wp\/v2\/types\/post"}],"author":[{"embeddable":true,"href":"https:\/\/vdl-dev.coodesoft.com.ar\/index.php\/wp-json\/wp\/v2\/users\/4"}],"replies":[{"embeddable":true,"href":"https:\/\/vdl-dev.coodesoft.com.ar\/index.php\/wp-json\/wp\/v2\/comments?post=2488"}],"version-history":[{"count":1,"href":"https:\/\/vdl-dev.coodesoft.com.ar\/index.php\/wp-json\/wp\/v2\/posts\/2488\/revisions"}],"predecessor-version":[{"id":2489,"href":"https:\/\/vdl-dev.coodesoft.com.ar\/index.php\/wp-json\/wp\/v2\/posts\/2488\/revisions\/2489"}],"wp:featuredmedia":[{"embeddable":true,"href":"https:\/\/vdl-dev.coodesoft.com.ar\/index.php\/wp-json\/wp\/v2\/media\/986"}],"wp:attachment":[{"href":"https:\/\/vdl-dev.coodesoft.com.ar\/index.php\/wp-json\/wp\/v2\/media?parent=2488"}],"wp:term":[{"taxonomy":"category","embeddable":true,"href":"https:\/\/vdl-dev.coodesoft.com.ar\/index.php\/wp-json\/wp\/v2\/categories?post=2488"},{"taxonomy":"post_tag","embeddable":true,"href":"https:\/\/vdl-dev.coodesoft.com.ar\/index.php\/wp-json\/wp\/v2\/tags?post=2488"}],"curies":[{"name":"wp","href":"https:\/\/api.w.org\/{rel}","templated":true}]}}