{"id":2519,"date":"2021-04-29T14:21:00","date_gmt":"2021-04-29T17:21:00","guid":{"rendered":"http:\/\/vocesdellangueyu.com.ar\/?p=2519"},"modified":"2021-04-29T14:21:04","modified_gmt":"2021-04-29T17:21:04","slug":"continuan-vigentes-las-restricciones-por-una-semana-mas-con-un-nivel-de-casos-de-coronavirus-que-es-altisimo-segun-admitieron-las-autoridades","status":"publish","type":"post","link":"https:\/\/vdl-dev.coodesoft.com.ar\/index.php\/2021\/04\/29\/continuan-vigentes-las-restricciones-por-una-semana-mas-con-un-nivel-de-casos-de-coronavirus-que-es-altisimo-segun-admitieron-las-autoridades\/","title":{"rendered":"CONTIN\u00daAN VIGENTES LAS RESTRICCIONES POR UNA SEMANA M\u00c1S CON UN NIVEL DE CASOS DE CORONAVIRUS QUE \u201cES ALT\u00cdSIMO\u201d SEG\u00daN ADMITIERON LAS AUTORIDADES"},"content":{"rendered":"\n<p><\/p>\n\n\n\n<p>Las\nautoridades municipales informaron esta ma\u00f1ana de la pr\u00f3rroga por una semana\nm\u00e1s de las medidas de restricci\u00f3n que se implementaron la semana pasada por el\navance de casos de coronavirus y la alta ocupaci\u00f3n de camas del Sistema de\nSalud, sin cambios sustanciales.<\/p>\n\n\n\n<p>Las\nautoridades admiten que la situaci\u00f3n preocupa pero entienden a su vez que\ntodav\u00eda cuentan con capacidad de respuesta como para no endurecer a\u00fan m\u00e1s\nmedidas de circulaci\u00f3n.<\/p>\n\n\n\n<p>El nivel de\ncasos positivos de coronavirus es \u201calt\u00edsimo\u201d graficaron en la conferencia de\nprensa que encabezaron esta ma\u00f1ana el Intendente Municipal Maximiliano Suescun,\nel Secretario de Planificaci\u00f3n Mario Ibargoyen y el responsable del equipo de\nAtenci\u00f3n Primaria Sergio Garc\u00eda.<\/p>\n\n\n\n<p>El\nIntendente enumer\u00f3 las decisiones adoptadas y que se extender\u00e1n por siete d\u00edas,\ny que entre otras cosas establece la prohibici\u00f3n para circular por la v\u00eda\np\u00fablica desde las 22.30 horas y el cierre de la actividad comercial a las 22.<\/p>\n\n\n\n<p>\u201cHemos decidido\namparados en el sistema de salud continuar con las medidas anunciadas la semana\npasada que implican que un amplio sector de la poblaci\u00f3n pueda seguir\ndesarrollando actividades \u2026. Seguimos pensando en que el momento m\u00e1s complejo\nde controlar las reuniones es la nocturnidad\u201d.<\/p>\n\n\n\n<p>\u201cLa \u00fanica ampliaci\u00f3n\nes poder practicar el deporte doble, est\u00e1 autorizaci\u00f3n es bajo la estricta\nrecomendaci\u00f3n de ser muy estrictos en el control\u201d.<\/p>\n","protected":false},"excerpt":{"rendered":"<p>Las autoridades municipales informaron esta ma\u00f1ana de la pr\u00f3rroga por una semana m\u00e1s de las medidas de restricci\u00f3n que se implementaron la semana pasada por el avance de casos de coronavirus y la alta ocupaci\u00f3n de camas del Sistema de Salud, sin cambios sustanciales. Las autoridades admiten que la situaci\u00f3n preocupa pero entienden a su [&hellip;]<\/p>\n","protected":false},"author":4,"featured_media":2520,"comment_status":"open","ping_status":"open","sticky":false,"template":"","format":"standard","meta":{"spay_email":"","jetpack_publicize_message":""},"categories":[17,11,13],"tags":[],"jetpack_featured_media_url":"https:\/\/vdl-dev.coodesoft.com.ar\/wp-content\/uploads\/2021\/04\/WhatsApp-Image-2021-04-29-at-12.42.28-PM.jpeg","jetpack_publicize_connections":[],"jetpack_sharing_enabled":true,"jetpack_shortlink":"https:\/\/wp.me\/paQJuC-ED","_links":{"self":[{"href":"https:\/\/vdl-dev.coodesoft.com.ar\/index.php\/wp-json\/wp\/v2\/posts\/2519"}],"collection":[{"href":"https:\/\/vdl-dev.coodesoft.com.ar\/index.php\/wp-json\/wp\/v2\/posts"}],"about":[{"href":"https:\/\/vdl-dev.coodesoft.com.ar\/index.php\/wp-json\/wp\/v2\/types\/post"}],"author":[{"embeddable":true,"href":"https:\/\/vdl-dev.coodesoft.com.ar\/index.php\/wp-json\/wp\/v2\/users\/4"}],"replies":[{"embeddable":true,"href":"https:\/\/vdl-dev.coodesoft.com.ar\/index.php\/wp-json\/wp\/v2\/comments?post=2519"}],"version-history":[{"count":1,"href":"https:\/\/vdl-dev.coodesoft.com.ar\/index.php\/wp-json\/wp\/v2\/posts\/2519\/revisions"}],"predecessor-version":[{"id":2521,"href":"https:\/\/vdl-dev.coodesoft.com.ar\/index.php\/wp-json\/wp\/v2\/posts\/2519\/revisions\/2521"}],"wp:featuredmedia":[{"embeddable":true,"href":"https:\/\/vdl-dev.coodesoft.com.ar\/index.php\/wp-json\/wp\/v2\/media\/2520"}],"wp:attachment":[{"href":"https:\/\/vdl-dev.coodesoft.com.ar\/index.php\/wp-json\/wp\/v2\/media?parent=2519"}],"wp:term":[{"taxonomy":"category","embeddable":true,"href":"https:\/\/vdl-dev.coodesoft.com.ar\/index.php\/wp-json\/wp\/v2\/categories?post=2519"},{"taxonomy":"post_tag","embeddable":true,"href":"https:\/\/vdl-dev.coodesoft.com.ar\/index.php\/wp-json\/wp\/v2\/tags?post=2519"}],"curies":[{"name":"wp","href":"https:\/\/api.w.org\/{rel}","templated":true}]}}