{"id":2539,"date":"2021-04-29T14:47:10","date_gmt":"2021-04-29T17:47:10","guid":{"rendered":"http:\/\/vocesdellangueyu.com.ar\/?p=2539"},"modified":"2021-04-29T14:47:14","modified_gmt":"2021-04-29T17:47:14","slug":"continua-el-operativo-de-vacunacion","status":"publish","type":"post","link":"https:\/\/vdl-dev.coodesoft.com.ar\/index.php\/2021\/04\/29\/continua-el-operativo-de-vacunacion\/","title":{"rendered":"CONTIN\u00daA EL OPERATIVO DE VACUNACI\u00d3N"},"content":{"rendered":"\n<p>Durante la\nconferencia de prensa de este medio d\u00eda tanto el Intendente como Sergio Garc\u00eda\nresaltaron el avance del operativo de vacunaci\u00f3n, en especial en los sectores\nde mayor riesgo.<\/p>\n\n\n\n<p>El\nIntendente Maximiliano Suescun inform\u00f3 sobre el avance del plan&nbsp; de&nbsp;\nvacunaci\u00f3n en nuestra comunidad \u201clas personas totales hasta fines de la\nsemana pasada&nbsp; eran 2432 y hasta ayer\npasaron a ser 2906, con las dosis se que han llagado no deber\u00eda haber obst\u00e1culo\npara que est\u00e1n todos los mayores de&nbsp; 70\na\u00f1os vacunados, que son el primer grupo objetivo\u201d.<\/p>\n\n\n\n<p>\u201cEl segundo\ngrupo objetivo son personas de 60 a 70 a\u00f1os, son cerca de 1300 personas, hasta\nayer hab\u00eda 380 personas vacunadas\u201d.<\/p>\n\n\n\n<p>Tambi\u00e9n como\nmedidas complementarias se anunci\u00f3 que se reforzar\u00e1 la comunicaci\u00f3n sobre la\nsituaci\u00f3n sanitaria y que se destinar\u00e1n m\u00e1s fondos para los sectores m\u00e1s perjudicados\npor las restricciones, como el sector gastron\u00f3mico por ejemplo<\/p>\n\n\n\n<p>Por su parte\nSergio Garc\u00eda actualiz\u00f3 el informe epidemiol\u00f3gico, destacando que hay 12 personas\ninternadas con Covid, de los cuales tres est\u00e1n en terapia intensiva.<\/p>\n\n\n\n<p>\u201cTenemos 12\npersonas internadas de las cuales 3 en la unidad de terapia intensiva con\nasistencia respiratoria mec\u00e1nica, es el escal\u00f3n m\u00e1s alto en el tratamiento de\npacientes covid, tenemos 9 personas internadas con varios d\u00edas&nbsp; de internaci\u00f3n\u201d.<\/p>\n\n\n\n<p>&nbsp;\u201cNecesitamos s\u00ed o s\u00ed bajar la cantidad de\ncontagios\u201d explic\u00f3 el pediatra<\/p>\n","protected":false},"excerpt":{"rendered":"<p>Durante la conferencia de prensa de este medio d\u00eda tanto el Intendente como Sergio Garc\u00eda resaltaron el avance del operativo de vacunaci\u00f3n, en especial en los sectores de mayor riesgo. El Intendente Maximiliano Suescun inform\u00f3 sobre el avance del plan&nbsp; de&nbsp; vacunaci\u00f3n en nuestra comunidad \u201clas personas totales hasta fines de la semana pasada&nbsp; eran [&hellip;]<\/p>\n","protected":false},"author":4,"featured_media":2540,"comment_status":"open","ping_status":"open","sticky":false,"template":"","format":"standard","meta":{"spay_email":"","jetpack_publicize_message":""},"categories":[17,11,13],"tags":[],"jetpack_featured_media_url":"https:\/\/vdl-dev.coodesoft.com.ar\/wp-content\/uploads\/2021\/04\/WhatsApp-Image-2021-04-29-at-12.42.29-PM-1.jpeg","jetpack_publicize_connections":[],"jetpack_sharing_enabled":true,"jetpack_shortlink":"https:\/\/wp.me\/paQJuC-EX","_links":{"self":[{"href":"https:\/\/vdl-dev.coodesoft.com.ar\/index.php\/wp-json\/wp\/v2\/posts\/2539"}],"collection":[{"href":"https:\/\/vdl-dev.coodesoft.com.ar\/index.php\/wp-json\/wp\/v2\/posts"}],"about":[{"href":"https:\/\/vdl-dev.coodesoft.com.ar\/index.php\/wp-json\/wp\/v2\/types\/post"}],"author":[{"embeddable":true,"href":"https:\/\/vdl-dev.coodesoft.com.ar\/index.php\/wp-json\/wp\/v2\/users\/4"}],"replies":[{"embeddable":true,"href":"https:\/\/vdl-dev.coodesoft.com.ar\/index.php\/wp-json\/wp\/v2\/comments?post=2539"}],"version-history":[{"count":1,"href":"https:\/\/vdl-dev.coodesoft.com.ar\/index.php\/wp-json\/wp\/v2\/posts\/2539\/revisions"}],"predecessor-version":[{"id":2541,"href":"https:\/\/vdl-dev.coodesoft.com.ar\/index.php\/wp-json\/wp\/v2\/posts\/2539\/revisions\/2541"}],"wp:featuredmedia":[{"embeddable":true,"href":"https:\/\/vdl-dev.coodesoft.com.ar\/index.php\/wp-json\/wp\/v2\/media\/2540"}],"wp:attachment":[{"href":"https:\/\/vdl-dev.coodesoft.com.ar\/index.php\/wp-json\/wp\/v2\/media?parent=2539"}],"wp:term":[{"taxonomy":"category","embeddable":true,"href":"https:\/\/vdl-dev.coodesoft.com.ar\/index.php\/wp-json\/wp\/v2\/categories?post=2539"},{"taxonomy":"post_tag","embeddable":true,"href":"https:\/\/vdl-dev.coodesoft.com.ar\/index.php\/wp-json\/wp\/v2\/tags?post=2539"}],"curies":[{"name":"wp","href":"https:\/\/api.w.org\/{rel}","templated":true}]}}