{"id":2543,"date":"2021-04-29T14:53:44","date_gmt":"2021-04-29T17:53:44","guid":{"rendered":"http:\/\/vocesdellangueyu.com.ar\/?p=2543"},"modified":"2021-04-29T14:53:48","modified_gmt":"2021-04-29T17:53:48","slug":"preocupacion-por-el-aumento-de-los-casos-en-rauch-guzman-hay-un-sistema-de-salud-que-esta-al-limite","status":"publish","type":"post","link":"https:\/\/vdl-dev.coodesoft.com.ar\/index.php\/2021\/04\/29\/preocupacion-por-el-aumento-de-los-casos-en-rauch-guzman-hay-un-sistema-de-salud-que-esta-al-limite\/","title":{"rendered":"PREOCUPACI\u00d3N POR EL AUMENTO DE LOS CASOS EN RAUCH: GUZM\u00c1N: \u201cHAY UN SISTEMA DE  SALUD QUE EST\u00c1 AL L\u00cdMITE\u201d."},"content":{"rendered":"\n<p><\/p>\n\n\n\n<p>La concejala\nLuciana Guzm\u00e1n, del bloque del Frente de Todos particip\u00f3 ayer de la reuni\u00f3n de\nla Mesa Ampliada de Emergencia Sanitaria, y esta ma\u00f1ana explic\u00f3 que la postura\nde esa bancada era la de&nbsp; producir un\ncierre mayor de las actividades para evitar la escalada de contagios, y como\ncontrapartida establecer pol\u00edticas de asistencia a los sectores que\neventualmente pudieran verse m\u00e1s afectados por las medidas<\/p>\n\n\n\n<p>\u201cDesde el\nbloque estamos con una gran preocupaci\u00f3n como toda la poblaci\u00f3n por el aumento\nen los contagios y en el aumento de las complicaciones, creemos que las medidas\ndeben ser fuertes en restricci\u00f3n para frenar la circulaci\u00f3n del virus\u201d.<\/p>\n\n\n\n<p>\u201cHay un sistema\nde&nbsp; salud que est\u00e1 al l\u00edmite\u201d.<\/p>\n","protected":false},"excerpt":{"rendered":"<p>La concejala Luciana Guzm\u00e1n, del bloque del Frente de Todos particip\u00f3 ayer de la reuni\u00f3n de la Mesa Ampliada de Emergencia Sanitaria, y esta ma\u00f1ana explic\u00f3 que la postura de esa bancada era la de&nbsp; producir un cierre mayor de las actividades para evitar la escalada de contagios, y como contrapartida establecer pol\u00edticas de asistencia [&hellip;]<\/p>\n","protected":false},"author":4,"featured_media":905,"comment_status":"open","ping_status":"open","sticky":false,"template":"","format":"standard","meta":{"spay_email":"","jetpack_publicize_message":""},"categories":[17,11,13],"tags":[],"jetpack_featured_media_url":"https:\/\/vdl-dev.coodesoft.com.ar\/wp-content\/uploads\/2020\/08\/luciana.jpg","jetpack_publicize_connections":[],"jetpack_sharing_enabled":true,"jetpack_shortlink":"https:\/\/wp.me\/paQJuC-F1","_links":{"self":[{"href":"https:\/\/vdl-dev.coodesoft.com.ar\/index.php\/wp-json\/wp\/v2\/posts\/2543"}],"collection":[{"href":"https:\/\/vdl-dev.coodesoft.com.ar\/index.php\/wp-json\/wp\/v2\/posts"}],"about":[{"href":"https:\/\/vdl-dev.coodesoft.com.ar\/index.php\/wp-json\/wp\/v2\/types\/post"}],"author":[{"embeddable":true,"href":"https:\/\/vdl-dev.coodesoft.com.ar\/index.php\/wp-json\/wp\/v2\/users\/4"}],"replies":[{"embeddable":true,"href":"https:\/\/vdl-dev.coodesoft.com.ar\/index.php\/wp-json\/wp\/v2\/comments?post=2543"}],"version-history":[{"count":1,"href":"https:\/\/vdl-dev.coodesoft.com.ar\/index.php\/wp-json\/wp\/v2\/posts\/2543\/revisions"}],"predecessor-version":[{"id":2544,"href":"https:\/\/vdl-dev.coodesoft.com.ar\/index.php\/wp-json\/wp\/v2\/posts\/2543\/revisions\/2544"}],"wp:featuredmedia":[{"embeddable":true,"href":"https:\/\/vdl-dev.coodesoft.com.ar\/index.php\/wp-json\/wp\/v2\/media\/905"}],"wp:attachment":[{"href":"https:\/\/vdl-dev.coodesoft.com.ar\/index.php\/wp-json\/wp\/v2\/media?parent=2543"}],"wp:term":[{"taxonomy":"category","embeddable":true,"href":"https:\/\/vdl-dev.coodesoft.com.ar\/index.php\/wp-json\/wp\/v2\/categories?post=2543"},{"taxonomy":"post_tag","embeddable":true,"href":"https:\/\/vdl-dev.coodesoft.com.ar\/index.php\/wp-json\/wp\/v2\/tags?post=2543"}],"curies":[{"name":"wp","href":"https:\/\/api.w.org\/{rel}","templated":true}]}}