{"id":2548,"date":"2021-04-30T15:24:43","date_gmt":"2021-04-30T18:24:43","guid":{"rendered":"http:\/\/vocesdellangueyu.com.ar\/?p=2548"},"modified":"2021-04-30T15:24:47","modified_gmt":"2021-04-30T18:24:47","slug":"coronavirus-el-sistema-de-salud-esta-al-limite-y-hace-falta-una-mirada-empatica-dijo-la-concejal-gutierrez","status":"publish","type":"post","link":"https:\/\/vdl-dev.coodesoft.com.ar\/index.php\/2021\/04\/30\/coronavirus-el-sistema-de-salud-esta-al-limite-y-hace-falta-una-mirada-empatica-dijo-la-concejal-gutierrez\/","title":{"rendered":"CORONAVIRUS: \u201cEL SISTEMA DE SALUD EST\u00c1 AL L\u00cdMITE\u201d Y HACE FALTA \u201cUNA MIRADA EMP\u00c1TICA\u201d DIJO LA CONCEJAL GUTIERREZ"},"content":{"rendered":"\n<p>La concejal del bloque unipersonal D\u00e9bora Guti\u00e9rrez particip\u00f3 esta semana\nde la reuni\u00f3n de la Mesa Ampliada de Emergencia Sanitaria que evalu\u00f3 la\nsituaci\u00f3n por el coronavirus, y esta ma\u00f1ana expres\u00f3 que \u201ces una situaci\u00f3n que\npreocupa\u201d porque \u201cno bajan la cantidad de casos\u201d.<\/p>\n\n\n\n<p>Adem\u00e1s manifest\u00f3 su inquietud por la cantidad de personas internadas, y entre\notras cosas, porque se han dado re infecciones.<\/p>\n\n\n\n<p>\u201cLa situaci\u00f3n se ve complicada, es compleja\u201d dijo Guti\u00e9rrez, quien expres\u00f3\nque el Sistema de Salud \u201cest\u00e1 al l\u00edmite\u201d y hace falta \u201cuna mirada emp\u00e1tica\u201d.<\/p>\n\n\n\n<p>Entiende que las medidas tomadas la semana pasada \u201cno han tenido resultados\nsignificativos\u201d en la lucha contra los contagios por lo que sugiri\u00f3 que \u201chabr\u00e1\nque hacer m\u00e1s restricciones\u2026. Todos tenemos responsabilidades, es una cuesti\u00f3n\nindividual pero tambi\u00e9n colectiva, y el Estado tiene la mayor responsabilidad\nporque tiene las herramientas de control y poder ejecutar las&nbsp; medidas necesarias para cuidarnos a todos y\ntodas\u201d.<\/p>\n","protected":false},"excerpt":{"rendered":"<p>La concejal del bloque unipersonal D\u00e9bora Guti\u00e9rrez particip\u00f3 esta semana de la reuni\u00f3n de la Mesa Ampliada de Emergencia Sanitaria que evalu\u00f3 la situaci\u00f3n por el coronavirus, y esta ma\u00f1ana expres\u00f3 que \u201ces una situaci\u00f3n que preocupa\u201d porque \u201cno bajan la cantidad de casos\u201d. Adem\u00e1s manifest\u00f3 su inquietud por la cantidad de personas internadas, y [&hellip;]<\/p>\n","protected":false},"author":4,"featured_media":424,"comment_status":"open","ping_status":"open","sticky":false,"template":"","format":"standard","meta":{"spay_email":"","jetpack_publicize_message":""},"categories":[17,11,13],"tags":[],"jetpack_featured_media_url":"https:\/\/vdl-dev.coodesoft.com.ar\/wp-content\/uploads\/2020\/06\/guiterrez.jpg","jetpack_publicize_connections":[],"jetpack_sharing_enabled":true,"jetpack_shortlink":"https:\/\/wp.me\/paQJuC-F6","_links":{"self":[{"href":"https:\/\/vdl-dev.coodesoft.com.ar\/index.php\/wp-json\/wp\/v2\/posts\/2548"}],"collection":[{"href":"https:\/\/vdl-dev.coodesoft.com.ar\/index.php\/wp-json\/wp\/v2\/posts"}],"about":[{"href":"https:\/\/vdl-dev.coodesoft.com.ar\/index.php\/wp-json\/wp\/v2\/types\/post"}],"author":[{"embeddable":true,"href":"https:\/\/vdl-dev.coodesoft.com.ar\/index.php\/wp-json\/wp\/v2\/users\/4"}],"replies":[{"embeddable":true,"href":"https:\/\/vdl-dev.coodesoft.com.ar\/index.php\/wp-json\/wp\/v2\/comments?post=2548"}],"version-history":[{"count":1,"href":"https:\/\/vdl-dev.coodesoft.com.ar\/index.php\/wp-json\/wp\/v2\/posts\/2548\/revisions"}],"predecessor-version":[{"id":2549,"href":"https:\/\/vdl-dev.coodesoft.com.ar\/index.php\/wp-json\/wp\/v2\/posts\/2548\/revisions\/2549"}],"wp:featuredmedia":[{"embeddable":true,"href":"https:\/\/vdl-dev.coodesoft.com.ar\/index.php\/wp-json\/wp\/v2\/media\/424"}],"wp:attachment":[{"href":"https:\/\/vdl-dev.coodesoft.com.ar\/index.php\/wp-json\/wp\/v2\/media?parent=2548"}],"wp:term":[{"taxonomy":"category","embeddable":true,"href":"https:\/\/vdl-dev.coodesoft.com.ar\/index.php\/wp-json\/wp\/v2\/categories?post=2548"},{"taxonomy":"post_tag","embeddable":true,"href":"https:\/\/vdl-dev.coodesoft.com.ar\/index.php\/wp-json\/wp\/v2\/tags?post=2548"}],"curies":[{"name":"wp","href":"https:\/\/api.w.org\/{rel}","templated":true}]}}