{"id":2551,"date":"2021-04-30T15:39:08","date_gmt":"2021-04-30T18:39:08","guid":{"rendered":"http:\/\/vocesdellangueyu.com.ar\/?p=2551"},"modified":"2021-04-30T15:39:11","modified_gmt":"2021-04-30T18:39:11","slug":"marcelo-acosta-el-papa-de-juan-pablo-espero-que-se-haga-justicia-para-calmar-un-poco-tanto-dolor","status":"publish","type":"post","link":"https:\/\/vdl-dev.coodesoft.com.ar\/index.php\/2021\/04\/30\/marcelo-acosta-el-papa-de-juan-pablo-espero-que-se-haga-justicia-para-calmar-un-poco-tanto-dolor\/","title":{"rendered":"MARCELO ACOSTA, EL PAP\u00c1 DE JUAN PABLO: &#8220;ESPERO QUE SE HAGA JUSTICIA PARA CALMAR UN POCO TANTO DOLOR"},"content":{"rendered":"\n<p>&#8221; <\/p>\n\n\n\n<p>Tras el\nsencillo acto en el que colgaron un pasacalle frente a su casa, Marcelo Acosta,\nel pap\u00e1 de Juan Pablo quien falleci\u00f3 como consecuencia de un siniestro vial el\n28 de diciembre pasado, volvi\u00f3 a reclamar justicia.<\/p>\n\n\n\n<p>\u201cEstas cosas\nno tienen que volver a pasar, es un luchas un d\u00eda a d\u00eda contra la vida misma y\nsentir una tristeza que no se sabe c\u00f3mo llevar, pido justicia y que mi hijo\ndescanse en paz\u2026 y que esto sirva como aprendizaje para todo el puerto\u201d.<\/p>\n\n\n\n<p>Con respecto\na la causa inform\u00f3 que est\u00e1n esperando que el juez decida el cambio de car\u00e1tula\nporque \u201clas pruebas est\u00e1n, hay 6 testigos y pas\u00f3 el sem\u00e1foro en rojo, est\u00e1n las\nc\u00e1maras, la velocidad que ven\u00eda, esta todo\u201d.<\/p>\n","protected":false},"excerpt":{"rendered":"<p>&#8221; Tras el sencillo acto en el que colgaron un pasacalle frente a su casa, Marcelo Acosta, el pap\u00e1 de Juan Pablo quien falleci\u00f3 como consecuencia de un siniestro vial el 28 de diciembre pasado, volvi\u00f3 a reclamar justicia. \u201cEstas cosas no tienen que volver a pasar, es un luchas un d\u00eda a d\u00eda contra [&hellip;]<\/p>\n","protected":false},"author":4,"featured_media":2552,"comment_status":"open","ping_status":"open","sticky":false,"template":"","format":"standard","meta":{"spay_email":"","jetpack_publicize_message":""},"categories":[11,13],"tags":[],"jetpack_featured_media_url":"https:\/\/vdl-dev.coodesoft.com.ar\/wp-content\/uploads\/2021\/04\/apsacalle.jpeg","jetpack_publicize_connections":[],"jetpack_sharing_enabled":true,"jetpack_shortlink":"https:\/\/wp.me\/paQJuC-F9","_links":{"self":[{"href":"https:\/\/vdl-dev.coodesoft.com.ar\/index.php\/wp-json\/wp\/v2\/posts\/2551"}],"collection":[{"href":"https:\/\/vdl-dev.coodesoft.com.ar\/index.php\/wp-json\/wp\/v2\/posts"}],"about":[{"href":"https:\/\/vdl-dev.coodesoft.com.ar\/index.php\/wp-json\/wp\/v2\/types\/post"}],"author":[{"embeddable":true,"href":"https:\/\/vdl-dev.coodesoft.com.ar\/index.php\/wp-json\/wp\/v2\/users\/4"}],"replies":[{"embeddable":true,"href":"https:\/\/vdl-dev.coodesoft.com.ar\/index.php\/wp-json\/wp\/v2\/comments?post=2551"}],"version-history":[{"count":1,"href":"https:\/\/vdl-dev.coodesoft.com.ar\/index.php\/wp-json\/wp\/v2\/posts\/2551\/revisions"}],"predecessor-version":[{"id":2553,"href":"https:\/\/vdl-dev.coodesoft.com.ar\/index.php\/wp-json\/wp\/v2\/posts\/2551\/revisions\/2553"}],"wp:featuredmedia":[{"embeddable":true,"href":"https:\/\/vdl-dev.coodesoft.com.ar\/index.php\/wp-json\/wp\/v2\/media\/2552"}],"wp:attachment":[{"href":"https:\/\/vdl-dev.coodesoft.com.ar\/index.php\/wp-json\/wp\/v2\/media?parent=2551"}],"wp:term":[{"taxonomy":"category","embeddable":true,"href":"https:\/\/vdl-dev.coodesoft.com.ar\/index.php\/wp-json\/wp\/v2\/categories?post=2551"},{"taxonomy":"post_tag","embeddable":true,"href":"https:\/\/vdl-dev.coodesoft.com.ar\/index.php\/wp-json\/wp\/v2\/tags?post=2551"}],"curies":[{"name":"wp","href":"https:\/\/api.w.org\/{rel}","templated":true}]}}