{"id":2561,"date":"2021-05-03T15:26:04","date_gmt":"2021-05-03T18:26:04","guid":{"rendered":"http:\/\/vocesdellangueyu.com.ar\/?p=2561"},"modified":"2021-05-03T15:26:08","modified_gmt":"2021-05-03T18:26:08","slug":"lamarche-tambien-dio-positivo-de-coronavirus","status":"publish","type":"post","link":"https:\/\/vdl-dev.coodesoft.com.ar\/index.php\/2021\/05\/03\/lamarche-tambien-dio-positivo-de-coronavirus\/","title":{"rendered":"LAMARCHE TAMBI\u00c9N DIO POSITIVO DE CORONAVIRUS"},"content":{"rendered":"\n<p><\/p>\n\n\n\n<p>La\npresidenta del bloque de concejales del Frente de Todos Mar\u00eda Lamarche fue\ndiagnosticada positiva de coronavirus esta ma\u00f1ana.<\/p>\n\n\n\n<p>La propia\nedil describi\u00f3 que comenz\u00f3 con algunos s\u00edntomas (dolor de garganta el m\u00e1s\nsignificativo) en la ma\u00f1ana de ayer y se repitieron hoy.<\/p>\n\n\n\n<p>Tras ello\nconsult\u00f3 con personal del Sistema de Salud quienes en principio le indicaron\nque aguardara la aparici\u00f3n de m\u00e1s s\u00edntomas, pero poco despu\u00e9s terminaron\naconsej\u00e1ndole que se realizara el test r\u00e1pido.<\/p>\n\n\n\n<p>El tr\u00e1mite\nlo hizo esta ma\u00f1ana en el NIDO del barrio Solidaridad, y el resultado fue\npositivo.<\/p>\n\n\n\n<p>El concejal\nLuciano Fern\u00e1ndez, del principal bloque opositor, dio positivo el martes\npasado, tras lo cual Lamarche se encontraba en aislamiento preventivo por ser\ncontacto estrecho al igual que sus compa\u00f1eros de bancada Emilio Tisera y Diego\nGrieco, quienes hasta el momento no han presentado ning\u00fan tipo de s\u00edntomas.<\/p>\n\n\n\n<p>Ma\u00f1ana desde\nlas 9 horas se realizar\u00e1 la sesi\u00f3n del Concejo Deliberante que se posterg\u00f3 la\nsemana pasada, y el Frente de Todos presentar\u00e1 una conformaci\u00f3n inusual:\nde&nbsp; los titulares, s\u00f3lo Luciana Guzm\u00e1n\nmantendr\u00e1 su banca, mientras que Laura Rodr\u00edguez, Luciano Barberis, Delia\nGonz\u00e1lez e Isabel Saracho reemplazar\u00e1n a quienes no podr\u00e1n asistir por ser\npositivos o contactos estrechos.<\/p>\n","protected":false},"excerpt":{"rendered":"<p>La presidenta del bloque de concejales del Frente de Todos Mar\u00eda Lamarche fue diagnosticada positiva de coronavirus esta ma\u00f1ana. La propia edil describi\u00f3 que comenz\u00f3 con algunos s\u00edntomas (dolor de garganta el m\u00e1s significativo) en la ma\u00f1ana de ayer y se repitieron hoy. Tras ello consult\u00f3 con personal del Sistema de Salud quienes en principio [&hellip;]<\/p>\n","protected":false},"author":4,"featured_media":1565,"comment_status":"open","ping_status":"open","sticky":false,"template":"","format":"standard","meta":{"spay_email":"","jetpack_publicize_message":""},"categories":[17,11],"tags":[],"jetpack_featured_media_url":"https:\/\/vdl-dev.coodesoft.com.ar\/wp-content\/uploads\/2020\/10\/Lamarche-Maria-Concejo.jpeg","jetpack_publicize_connections":[],"jetpack_sharing_enabled":true,"jetpack_shortlink":"https:\/\/wp.me\/paQJuC-Fj","_links":{"self":[{"href":"https:\/\/vdl-dev.coodesoft.com.ar\/index.php\/wp-json\/wp\/v2\/posts\/2561"}],"collection":[{"href":"https:\/\/vdl-dev.coodesoft.com.ar\/index.php\/wp-json\/wp\/v2\/posts"}],"about":[{"href":"https:\/\/vdl-dev.coodesoft.com.ar\/index.php\/wp-json\/wp\/v2\/types\/post"}],"author":[{"embeddable":true,"href":"https:\/\/vdl-dev.coodesoft.com.ar\/index.php\/wp-json\/wp\/v2\/users\/4"}],"replies":[{"embeddable":true,"href":"https:\/\/vdl-dev.coodesoft.com.ar\/index.php\/wp-json\/wp\/v2\/comments?post=2561"}],"version-history":[{"count":1,"href":"https:\/\/vdl-dev.coodesoft.com.ar\/index.php\/wp-json\/wp\/v2\/posts\/2561\/revisions"}],"predecessor-version":[{"id":2562,"href":"https:\/\/vdl-dev.coodesoft.com.ar\/index.php\/wp-json\/wp\/v2\/posts\/2561\/revisions\/2562"}],"wp:featuredmedia":[{"embeddable":true,"href":"https:\/\/vdl-dev.coodesoft.com.ar\/index.php\/wp-json\/wp\/v2\/media\/1565"}],"wp:attachment":[{"href":"https:\/\/vdl-dev.coodesoft.com.ar\/index.php\/wp-json\/wp\/v2\/media?parent=2561"}],"wp:term":[{"taxonomy":"category","embeddable":true,"href":"https:\/\/vdl-dev.coodesoft.com.ar\/index.php\/wp-json\/wp\/v2\/categories?post=2561"},{"taxonomy":"post_tag","embeddable":true,"href":"https:\/\/vdl-dev.coodesoft.com.ar\/index.php\/wp-json\/wp\/v2\/tags?post=2561"}],"curies":[{"name":"wp","href":"https:\/\/api.w.org\/{rel}","templated":true}]}}