{"id":2578,"date":"2021-05-03T15:55:15","date_gmt":"2021-05-03T18:55:15","guid":{"rendered":"http:\/\/vocesdellangueyu.com.ar\/?p=2578"},"modified":"2021-05-03T15:55:19","modified_gmt":"2021-05-03T18:55:19","slug":"avanza-la-construccion-de-la-nueva-sede-del-centro-de-formacion-laboral-401","status":"publish","type":"post","link":"https:\/\/vdl-dev.coodesoft.com.ar\/index.php\/2021\/05\/03\/avanza-la-construccion-de-la-nueva-sede-del-centro-de-formacion-laboral-401\/","title":{"rendered":"AVANZA LA CONSTRUCCI\u00d3N DE LA NUEVA SEDE DEL CENTRO DE FORMACI\u00d3N LABORAL 401"},"content":{"rendered":"\n<p><\/p>\n\n\n\n<p>Norma Labaroni, Directora del Centro de\nFormaci\u00f3n Laboral 401 expres\u00f3 la satisfacci\u00f3n por el avance que se anunci\u00f3 la\nsemana pasada en la construcci\u00f3n de la nueva sede del organismo tras el\nconvenio suscripto entre el Municipio y la Direcci\u00f3n General de Cultura y\nEducaci\u00f3n de la Provincia de Buenos Aires, que desembolsar\u00e1 unos 27 millones de\npesos para la concreci\u00f3n de la obra.<\/p>\n\n\n\n<p>\u201cEs un sue\u00f1o que ya se est\u00e1 haciendo\nrealidad porque ya est\u00e1n trabajando\u201d.<\/p>\n\n\n\n<p>\u201cEsperamos para principios del a\u00f1o que\nviene podamos inaugurar la obra, hay distintos factores que hacen que el plazo\ncambie un poco\u201d.<\/p>\n\n\n\n<p>\u201cLa obra est\u00e1 en la etapa de los\ncimientos\u201d.<\/p>\n\n\n\n<p>Labaron\u00ed agradeci\u00f3 al Municipio por \u201cponer\na la educaci\u00f3n y a la educaci\u00f3n de los j\u00f3venes y adultos que se forman&nbsp; un oficio son los pilares m\u00e1s importantes es\ndigno de admiraci\u00f3n, eso quiere decir que la gente se puede juntar y tener\ndistintas posiciones pol\u00edticas y hacer&nbsp;\ncosas&nbsp; muy buenas y de este\nintercambio salir cosas importantes como en este caso en educaci\u00f3n\u201d.<\/p>\n","protected":false},"excerpt":{"rendered":"<p>Norma Labaroni, Directora del Centro de Formaci\u00f3n Laboral 401 expres\u00f3 la satisfacci\u00f3n por el avance que se anunci\u00f3 la semana pasada en la construcci\u00f3n de la nueva sede del organismo tras el convenio suscripto entre el Municipio y la Direcci\u00f3n General de Cultura y Educaci\u00f3n de la Provincia de Buenos Aires, que desembolsar\u00e1 unos 27 [&hellip;]<\/p>\n","protected":false},"author":4,"featured_media":2579,"comment_status":"open","ping_status":"open","sticky":false,"template":"","format":"standard","meta":{"spay_email":"","jetpack_publicize_message":""},"categories":[17,11,13],"tags":[],"jetpack_featured_media_url":"https:\/\/vdl-dev.coodesoft.com.ar\/wp-content\/uploads\/2021\/05\/WhatsApp-Image-2021-05-03-at-12.21.52-PM.jpeg","jetpack_publicize_connections":[],"jetpack_sharing_enabled":true,"jetpack_shortlink":"https:\/\/wp.me\/paQJuC-FA","_links":{"self":[{"href":"https:\/\/vdl-dev.coodesoft.com.ar\/index.php\/wp-json\/wp\/v2\/posts\/2578"}],"collection":[{"href":"https:\/\/vdl-dev.coodesoft.com.ar\/index.php\/wp-json\/wp\/v2\/posts"}],"about":[{"href":"https:\/\/vdl-dev.coodesoft.com.ar\/index.php\/wp-json\/wp\/v2\/types\/post"}],"author":[{"embeddable":true,"href":"https:\/\/vdl-dev.coodesoft.com.ar\/index.php\/wp-json\/wp\/v2\/users\/4"}],"replies":[{"embeddable":true,"href":"https:\/\/vdl-dev.coodesoft.com.ar\/index.php\/wp-json\/wp\/v2\/comments?post=2578"}],"version-history":[{"count":1,"href":"https:\/\/vdl-dev.coodesoft.com.ar\/index.php\/wp-json\/wp\/v2\/posts\/2578\/revisions"}],"predecessor-version":[{"id":2580,"href":"https:\/\/vdl-dev.coodesoft.com.ar\/index.php\/wp-json\/wp\/v2\/posts\/2578\/revisions\/2580"}],"wp:featuredmedia":[{"embeddable":true,"href":"https:\/\/vdl-dev.coodesoft.com.ar\/index.php\/wp-json\/wp\/v2\/media\/2579"}],"wp:attachment":[{"href":"https:\/\/vdl-dev.coodesoft.com.ar\/index.php\/wp-json\/wp\/v2\/media?parent=2578"}],"wp:term":[{"taxonomy":"category","embeddable":true,"href":"https:\/\/vdl-dev.coodesoft.com.ar\/index.php\/wp-json\/wp\/v2\/categories?post=2578"},{"taxonomy":"post_tag","embeddable":true,"href":"https:\/\/vdl-dev.coodesoft.com.ar\/index.php\/wp-json\/wp\/v2\/tags?post=2578"}],"curies":[{"name":"wp","href":"https:\/\/api.w.org\/{rel}","templated":true}]}}