{"id":2624,"date":"2021-05-06T14:42:04","date_gmt":"2021-05-06T17:42:04","guid":{"rendered":"http:\/\/vocesdellangueyu.com.ar\/?p=2624"},"modified":"2021-05-06T14:42:08","modified_gmt":"2021-05-06T17:42:08","slug":"se-esperan-las-nuevas-medidas-en-materia-sanitaria-aunque-no-habria-cambios-sustanciales","status":"publish","type":"post","link":"https:\/\/vdl-dev.coodesoft.com.ar\/index.php\/2021\/05\/06\/se-esperan-las-nuevas-medidas-en-materia-sanitaria-aunque-no-habria-cambios-sustanciales\/","title":{"rendered":"SE ESPERAN LAS NUEVAS MEDIDAS EN MATERIA SANITARIA AUNQUE NO HABR\u00cdA CAMBIOS SUSTANCIALES"},"content":{"rendered":"\n<p>Tras la\nreuni\u00f3n que mantuvo ayer la Mesa de Emergencia Sanitaria local se espera que\nentre hoy y ma\u00f1ana se realicen anuncios en torno a las medidas sanitarias que se\nimpondr\u00e1n en Rauch debido al nivel de contagios de coronavirus y la ocupaci\u00f3n\nde camas en el Hospital Municipal.<\/p>\n\n\n\n<p>Con la\nciudad en Fase 3, en la escala que establece el Ministerio de Salud de la\nProvincia de Buenos Aires, no se presagian demasiadas modificaciones a las\nmedidas anunciadas la semana pasada.<\/p>\n\n\n\n<p>Es por ello\nque las autoridades municipales decidieron no convocar a la Mesa Ampliada, en\nla que adem\u00e1s de los funcionarios del Gobierno participan concejales de los\ndiferentes bloques y representantes de instituciones intermedias.<\/p>\n\n\n\n<p>Esta ma\u00f1ana\nel Secretario de Planificaci\u00f3n del Municipio Mario Ibargoyen adelant\u00f3 que \u201cno\nhabr\u00eda mucho margen para demasiadas modificaciones respecto de lo que ya\nten\u00edamos\u201d por lo que la idea \u201ces confirmar las medidas que hab\u00edan sido tomadas\nhace unos d\u00edas\u201d.<\/p>\n\n\n\n<p>El\nfuncionario expres\u00f3 que la intenci\u00f3n es \u201cestabilizar la cantidad de casos\u201d y\n\u201clograr la baja\u201d para apuntar al objetivo de \u201cmayor disponibilidad de camas\u201d en\nel nosocomio local.<\/p>\n\n\n\n<p>\u201cContinuamos\ntrabajando en el d\u00eda de hoy para ratificar entre hoy ma\u00f1ana las medidas que ya\nhan sido tomadas para estabilizar la cantidad de casos\u201d.<\/p>\n\n\n\n<p>\u201cNo hay que\ndescartar nada en respecto a otro tipo de medidas si es&nbsp; necesario tomarlas, seg\u00fan los n\u00fameros hay una\ngeneraci\u00f3n de contagios alto pero si se ha estabilizado\u201d.<\/p>\n\n\n\n<p>Ibargoyen\nanaliz\u00f3 cu\u00e1l fue el resultado de las medidas restrictivas que se comenzaron a\naplicar hace casi 15 d\u00edas, que incluyeron el acotamiento de los horarios para\nla circulaci\u00f3n en la v\u00eda p\u00fablica y de la actividad comercial.<\/p>\n\n\n\n<p>Tambi\u00e9n\nincluyeron la prohibici\u00f3n de la realizaci\u00f3n de reuniones sociales y familiares,\ncomo as\u00ed tambi\u00e9n actividades deportivas, culturales y religiosas entre otras.<\/p>\n\n\n\n<p>\u201cEl\nresultado consolidado se ve con el tiempo, hay algunos datos que indican\nalgunas mejores, otros que cuestan un poco m\u00e1s\u201d.<\/p>\n","protected":false},"excerpt":{"rendered":"<p>Tras la reuni\u00f3n que mantuvo ayer la Mesa de Emergencia Sanitaria local se espera que entre hoy y ma\u00f1ana se realicen anuncios en torno a las medidas sanitarias que se impondr\u00e1n en Rauch debido al nivel de contagios de coronavirus y la ocupaci\u00f3n de camas en el Hospital Municipal. Con la ciudad en Fase 3, [&hellip;]<\/p>\n","protected":false},"author":4,"featured_media":2625,"comment_status":"open","ping_status":"open","sticky":false,"template":"","format":"standard","meta":{"spay_email":"","jetpack_publicize_message":""},"categories":[17,11,13],"tags":[],"jetpack_featured_media_url":"https:\/\/vdl-dev.coodesoft.com.ar\/wp-content\/uploads\/2021\/05\/WhatsApp-Image-2021-05-06-at-11.05.46-AM.jpeg","jetpack_publicize_connections":[],"jetpack_sharing_enabled":true,"jetpack_shortlink":"https:\/\/wp.me\/paQJuC-Gk","_links":{"self":[{"href":"https:\/\/vdl-dev.coodesoft.com.ar\/index.php\/wp-json\/wp\/v2\/posts\/2624"}],"collection":[{"href":"https:\/\/vdl-dev.coodesoft.com.ar\/index.php\/wp-json\/wp\/v2\/posts"}],"about":[{"href":"https:\/\/vdl-dev.coodesoft.com.ar\/index.php\/wp-json\/wp\/v2\/types\/post"}],"author":[{"embeddable":true,"href":"https:\/\/vdl-dev.coodesoft.com.ar\/index.php\/wp-json\/wp\/v2\/users\/4"}],"replies":[{"embeddable":true,"href":"https:\/\/vdl-dev.coodesoft.com.ar\/index.php\/wp-json\/wp\/v2\/comments?post=2624"}],"version-history":[{"count":1,"href":"https:\/\/vdl-dev.coodesoft.com.ar\/index.php\/wp-json\/wp\/v2\/posts\/2624\/revisions"}],"predecessor-version":[{"id":2626,"href":"https:\/\/vdl-dev.coodesoft.com.ar\/index.php\/wp-json\/wp\/v2\/posts\/2624\/revisions\/2626"}],"wp:featuredmedia":[{"embeddable":true,"href":"https:\/\/vdl-dev.coodesoft.com.ar\/index.php\/wp-json\/wp\/v2\/media\/2625"}],"wp:attachment":[{"href":"https:\/\/vdl-dev.coodesoft.com.ar\/index.php\/wp-json\/wp\/v2\/media?parent=2624"}],"wp:term":[{"taxonomy":"category","embeddable":true,"href":"https:\/\/vdl-dev.coodesoft.com.ar\/index.php\/wp-json\/wp\/v2\/categories?post=2624"},{"taxonomy":"post_tag","embeddable":true,"href":"https:\/\/vdl-dev.coodesoft.com.ar\/index.php\/wp-json\/wp\/v2\/tags?post=2624"}],"curies":[{"name":"wp","href":"https:\/\/api.w.org\/{rel}","templated":true}]}}