{"id":2628,"date":"2021-05-06T14:50:02","date_gmt":"2021-05-06T17:50:02","guid":{"rendered":"http:\/\/vocesdellangueyu.com.ar\/?p=2628"},"modified":"2021-05-06T14:50:07","modified_gmt":"2021-05-06T17:50:07","slug":"llego-la-ayuda-del-ministerio-de-desarrollo-de-la-comunidad-de-la-provincia-de-buenos-aires-para-instituciones-de-rauch","status":"publish","type":"post","link":"https:\/\/vdl-dev.coodesoft.com.ar\/index.php\/2021\/05\/06\/llego-la-ayuda-del-ministerio-de-desarrollo-de-la-comunidad-de-la-provincia-de-buenos-aires-para-instituciones-de-rauch\/","title":{"rendered":"LLEG\u00d3 LA AYUDA DEL MINISTERIO DE DESARROLLO DE LA COMUNIDAD DE LA PROVINCIA DE BUENOS AIRES PARA INSTITUCIONES DE RAUCH"},"content":{"rendered":"\n<p>Juliana\nPetreigne, Subsecretaria de Pol\u00edticas Sociales del Ministerio de Desarrollo de\nla Comunidad de la Provincia de Buenos Aires, detall\u00f3 cu\u00e1l fue el\nacompa\u00f1amiento de esa cartera para varias instituciones de Rauch, tras la\nrecorrida que realiz\u00f3 en febrero pasado.<\/p>\n\n\n\n<p>All\u00ed, el\nIntendente Municipal solicit\u00f3 ayuda al Gobierno Provincial para equipar el\nHogar para personas con discapacidad que est\u00e1 construido pero a\u00fan no\ninaugurado.<\/p>\n\n\n\n<p>Adem\u00e1s a\ntrav\u00e9s de los concejales del bloque del Frente de Todos, Petreigne recibi\u00f3 el\nreclamo de acompa\u00f1amiento de la Asociaci\u00f3n Civil de Ayuda al No Vidente y\nDisminuido Visual, que construye su propia sede, y del Club San Lorenzo, que\nvio afectadas sus&nbsp; instalaciones por un\ntemporal.<\/p>\n\n\n\n<p>La\nfuncionaria explic\u00f3 que esa ayuda ya lleg\u00f3 \u201cen marzo estuvo llegando&nbsp; equipamiento para el Hogar para personas con\ndiscapacidad, el club San Lorenzo tambi\u00e9n recibi\u00f3 la ayuda, tambi\u00e9n se acompa\u00f1\u00f3\na la Asociaci\u00f3n Civil de Ayuda al No Vidente y Disminuido Visual, de lo que\npidieron pudimos responder\u201d.<\/p>\n\n\n\n<p>Petreigne\nadelant\u00f3 que por estas horas ser\u00e1 remitido desde el Ministerio un aporte en\ndistintos materiales para unas 70 familias de Rauch, \u201cen el d\u00eda de hoy estar\u00e1n\nretirando ayuda para 70 familias, distintas cosas para casas particulares\u201d\ndesde materiales a ropa de abrigo y alimentos.<\/p>\n\n\n\n<p>La\nfuncionaria rauchense adelant\u00f3 que el Gobierno Provincial, a trav\u00e9s del\nMinisterio en el que se desempe\u00f1a, ha&nbsp;\ndispuesto un incremento sustancial en varios programas sociales.<\/p>\n\n\n\n<p>Entre otros,\nun aumento en los cupos que atiende el Servicio Alimentario Escolar.<\/p>\n","protected":false},"excerpt":{"rendered":"<p>Juliana Petreigne, Subsecretaria de Pol\u00edticas Sociales del Ministerio de Desarrollo de la Comunidad de la Provincia de Buenos Aires, detall\u00f3 cu\u00e1l fue el acompa\u00f1amiento de esa cartera para varias instituciones de Rauch, tras la recorrida que realiz\u00f3 en febrero pasado. All\u00ed, el Intendente Municipal solicit\u00f3 ayuda al Gobierno Provincial para equipar el Hogar para personas [&hellip;]<\/p>\n","protected":false},"author":4,"featured_media":2629,"comment_status":"open","ping_status":"open","sticky":false,"template":"","format":"standard","meta":{"spay_email":"","jetpack_publicize_message":""},"categories":[17,11,13],"tags":[],"jetpack_featured_media_url":"https:\/\/vdl-dev.coodesoft.com.ar\/wp-content\/uploads\/2021\/05\/WhatsApp-Image-2021-05-06-at-11.06.25-AM.jpeg","jetpack_publicize_connections":[],"jetpack_sharing_enabled":true,"jetpack_shortlink":"https:\/\/wp.me\/paQJuC-Go","_links":{"self":[{"href":"https:\/\/vdl-dev.coodesoft.com.ar\/index.php\/wp-json\/wp\/v2\/posts\/2628"}],"collection":[{"href":"https:\/\/vdl-dev.coodesoft.com.ar\/index.php\/wp-json\/wp\/v2\/posts"}],"about":[{"href":"https:\/\/vdl-dev.coodesoft.com.ar\/index.php\/wp-json\/wp\/v2\/types\/post"}],"author":[{"embeddable":true,"href":"https:\/\/vdl-dev.coodesoft.com.ar\/index.php\/wp-json\/wp\/v2\/users\/4"}],"replies":[{"embeddable":true,"href":"https:\/\/vdl-dev.coodesoft.com.ar\/index.php\/wp-json\/wp\/v2\/comments?post=2628"}],"version-history":[{"count":1,"href":"https:\/\/vdl-dev.coodesoft.com.ar\/index.php\/wp-json\/wp\/v2\/posts\/2628\/revisions"}],"predecessor-version":[{"id":2630,"href":"https:\/\/vdl-dev.coodesoft.com.ar\/index.php\/wp-json\/wp\/v2\/posts\/2628\/revisions\/2630"}],"wp:featuredmedia":[{"embeddable":true,"href":"https:\/\/vdl-dev.coodesoft.com.ar\/index.php\/wp-json\/wp\/v2\/media\/2629"}],"wp:attachment":[{"href":"https:\/\/vdl-dev.coodesoft.com.ar\/index.php\/wp-json\/wp\/v2\/media?parent=2628"}],"wp:term":[{"taxonomy":"category","embeddable":true,"href":"https:\/\/vdl-dev.coodesoft.com.ar\/index.php\/wp-json\/wp\/v2\/categories?post=2628"},{"taxonomy":"post_tag","embeddable":true,"href":"https:\/\/vdl-dev.coodesoft.com.ar\/index.php\/wp-json\/wp\/v2\/tags?post=2628"}],"curies":[{"name":"wp","href":"https:\/\/api.w.org\/{rel}","templated":true}]}}