{"id":2639,"date":"2021-05-07T15:43:04","date_gmt":"2021-05-07T18:43:04","guid":{"rendered":"http:\/\/vocesdellangueyu.com.ar\/?p=2639"},"modified":"2021-05-07T15:43:08","modified_gmt":"2021-05-07T18:43:08","slug":"tres-trabajadoras-municipales-apercibidas-por-participar-de-reuniones-sociales-no-pueden-concurrir-a-trabajar","status":"publish","type":"post","link":"https:\/\/vdl-dev.coodesoft.com.ar\/index.php\/2021\/05\/07\/tres-trabajadoras-municipales-apercibidas-por-participar-de-reuniones-sociales-no-pueden-concurrir-a-trabajar\/","title":{"rendered":"TRES TRABAJADORAS MUNICIPALES \u201cAPERCIBIDAS\u201d POR PARTICIPAR DE REUNIONES SOCIALES NO PUEDEN CONCURRIR A TRABAJAR"},"content":{"rendered":"\n<p>El\nIntendente Municipal Maximiliano Suescun explic\u00f3 en la conferencia de prensa de\nesta ma\u00f1ana lo acontecido con tres trabajadoras municipales del \u00e1mbito\neducativo que participaron en reuniones sociales no permitidas, y que&nbsp; fueron \u201capercibidas\u201d por el Municipio.<\/p>\n\n\n\n<p>Si bien\naclar\u00f3 que no hubo una sanci\u00f3n administrativa, y de com\u00fan acuerdo con las\nagentes implicadas, se decidi\u00f3 que no concurrieran a sus puestos de trabajo, lo\nque traer\u00e1 aparejado la p\u00e9rdida de la recomposici\u00f3n por los d\u00edas que se\nextienda la medida<\/p>\n\n\n\n<p>\u201cLas medidas\nque tomamos y adoptamos tienen que ver de la \u00f3rbita privada del municipio, son\nmedidas preventivas, queremos concientizar, mejorar y evitar que se reproduzcan\no repitan. Hemos tomado conocimiento de acciones que no corresponden a las\nmedidas que tomamos\u201d.<\/p>\n","protected":false},"excerpt":{"rendered":"<p>El Intendente Municipal Maximiliano Suescun explic\u00f3 en la conferencia de prensa de esta ma\u00f1ana lo acontecido con tres trabajadoras municipales del \u00e1mbito educativo que participaron en reuniones sociales no permitidas, y que&nbsp; fueron \u201capercibidas\u201d por el Municipio. Si bien aclar\u00f3 que no hubo una sanci\u00f3n administrativa, y de com\u00fan acuerdo con las agentes implicadas, se [&hellip;]<\/p>\n","protected":false},"author":4,"featured_media":2640,"comment_status":"open","ping_status":"open","sticky":false,"template":"","format":"standard","meta":{"spay_email":"","jetpack_publicize_message":""},"categories":[17,11,13],"tags":[],"jetpack_featured_media_url":"https:\/\/vdl-dev.coodesoft.com.ar\/wp-content\/uploads\/2021\/05\/suescun-4-5.jpeg","jetpack_publicize_connections":[],"jetpack_sharing_enabled":true,"jetpack_shortlink":"https:\/\/wp.me\/paQJuC-Gz","_links":{"self":[{"href":"https:\/\/vdl-dev.coodesoft.com.ar\/index.php\/wp-json\/wp\/v2\/posts\/2639"}],"collection":[{"href":"https:\/\/vdl-dev.coodesoft.com.ar\/index.php\/wp-json\/wp\/v2\/posts"}],"about":[{"href":"https:\/\/vdl-dev.coodesoft.com.ar\/index.php\/wp-json\/wp\/v2\/types\/post"}],"author":[{"embeddable":true,"href":"https:\/\/vdl-dev.coodesoft.com.ar\/index.php\/wp-json\/wp\/v2\/users\/4"}],"replies":[{"embeddable":true,"href":"https:\/\/vdl-dev.coodesoft.com.ar\/index.php\/wp-json\/wp\/v2\/comments?post=2639"}],"version-history":[{"count":1,"href":"https:\/\/vdl-dev.coodesoft.com.ar\/index.php\/wp-json\/wp\/v2\/posts\/2639\/revisions"}],"predecessor-version":[{"id":2641,"href":"https:\/\/vdl-dev.coodesoft.com.ar\/index.php\/wp-json\/wp\/v2\/posts\/2639\/revisions\/2641"}],"wp:featuredmedia":[{"embeddable":true,"href":"https:\/\/vdl-dev.coodesoft.com.ar\/index.php\/wp-json\/wp\/v2\/media\/2640"}],"wp:attachment":[{"href":"https:\/\/vdl-dev.coodesoft.com.ar\/index.php\/wp-json\/wp\/v2\/media?parent=2639"}],"wp:term":[{"taxonomy":"category","embeddable":true,"href":"https:\/\/vdl-dev.coodesoft.com.ar\/index.php\/wp-json\/wp\/v2\/categories?post=2639"},{"taxonomy":"post_tag","embeddable":true,"href":"https:\/\/vdl-dev.coodesoft.com.ar\/index.php\/wp-json\/wp\/v2\/tags?post=2639"}],"curies":[{"name":"wp","href":"https:\/\/api.w.org\/{rel}","templated":true}]}}