{"id":2642,"date":"2021-05-07T15:56:55","date_gmt":"2021-05-07T18:56:55","guid":{"rendered":"http:\/\/vocesdellangueyu.com.ar\/?p=2642"},"modified":"2021-05-07T15:56:59","modified_gmt":"2021-05-07T18:56:59","slug":"achaga-admitio-que-estudian-utilizar-imagenes-de-lo-que-ocurre-en-terapia-para-concientizar","status":"publish","type":"post","link":"https:\/\/vdl-dev.coodesoft.com.ar\/index.php\/2021\/05\/07\/achaga-admitio-que-estudian-utilizar-imagenes-de-lo-que-ocurre-en-terapia-para-concientizar\/","title":{"rendered":"ACHAGA ADMITI\u00d3 QUE ESTUDIAN UTILIZAR IM\u00c1GENES DE LO QUE OCURRE EN TERAPIA PARA CONCIENTIZAR"},"content":{"rendered":"\n<p><\/p>\n\n\n\n<p>Durante la\nconferencia de prensa de esta ma\u00f1ana Juan Pedro Achaga, el titular del Sistema\nde Salud, &nbsp;se refiri\u00f3 a la situaci\u00f3n\nsanitaria y al nivel de ocupaci\u00f3n de camas. Eval\u00faan medidas de comunicaci\u00f3n para\nalertar de los riesgos. Est\u00e1n pensando en difundir im\u00e1genes, cuidadas y dentro\nde los m\u00e1rgenes de la \u00e9tica profesional, del padecimiento de los pacientes.\nTambi\u00e9n advirti\u00f3 por el faltante de medicamentos que se utilizan en la Unidad\nde Terapia Intensiva y adelant\u00f3 que en forma conjunta con el Hospital\nGeri\u00e1trico har\u00e1n un reclamo al Ministerio de Salud.<\/p>\n\n\n\n<p>\u201cAl d\u00eda de\nla fecha tenemos 206 casos activas, estamos en una meseta de 200 casos activos.\nLamentablemente tenemos 9 fallecidos, a nivel camas estamos un poco m\u00e1s\nrelajados, tenemos 3 pacientes con asistencia respiratoria en terapia intensiva\u201d.<\/p>\n\n\n\n<p>\u201cCon la\nllegada del fr\u00edo la incertidumbre es importante\u201d.<\/p>\n\n\n\n<p>Se analiza\nesta semana se analiza&nbsp; un sistema de publicidad\ncon un mensaje \u201cm\u00e1s impactante donde hacemos ver, notar de forma contundente\nque a m\u00e1s casos positivos, m\u00e1s personas internadas, m\u00e1s personas complicadas,\nque lleva a&nbsp; m\u00e1s personas fallecidas\u201d.<\/p>\n\n\n\n<p>\u201cCada vez\nque entramos en terapia de nuestro hospital pensamos que la gente de Rauch no\nse imagina lo que impactante que es la lucha conmovedoras de los vecinos que\nluchan por su&nbsp; vida\u201d.<\/p>\n","protected":false},"excerpt":{"rendered":"<p>Durante la conferencia de prensa de esta ma\u00f1ana Juan Pedro Achaga, el titular del Sistema de Salud, &nbsp;se refiri\u00f3 a la situaci\u00f3n sanitaria y al nivel de ocupaci\u00f3n de camas. Eval\u00faan medidas de comunicaci\u00f3n para alertar de los riesgos. Est\u00e1n pensando en difundir im\u00e1genes, cuidadas y dentro de los m\u00e1rgenes de la \u00e9tica profesional, del [&hellip;]<\/p>\n","protected":false},"author":4,"featured_media":2643,"comment_status":"open","ping_status":"open","sticky":false,"template":"","format":"standard","meta":{"spay_email":"","jetpack_publicize_message":""},"categories":[17,11,13],"tags":[],"jetpack_featured_media_url":"https:\/\/vdl-dev.coodesoft.com.ar\/wp-content\/uploads\/2021\/05\/achaga-juan-p.jpeg","jetpack_publicize_connections":[],"jetpack_sharing_enabled":true,"jetpack_shortlink":"https:\/\/wp.me\/paQJuC-GC","_links":{"self":[{"href":"https:\/\/vdl-dev.coodesoft.com.ar\/index.php\/wp-json\/wp\/v2\/posts\/2642"}],"collection":[{"href":"https:\/\/vdl-dev.coodesoft.com.ar\/index.php\/wp-json\/wp\/v2\/posts"}],"about":[{"href":"https:\/\/vdl-dev.coodesoft.com.ar\/index.php\/wp-json\/wp\/v2\/types\/post"}],"author":[{"embeddable":true,"href":"https:\/\/vdl-dev.coodesoft.com.ar\/index.php\/wp-json\/wp\/v2\/users\/4"}],"replies":[{"embeddable":true,"href":"https:\/\/vdl-dev.coodesoft.com.ar\/index.php\/wp-json\/wp\/v2\/comments?post=2642"}],"version-history":[{"count":1,"href":"https:\/\/vdl-dev.coodesoft.com.ar\/index.php\/wp-json\/wp\/v2\/posts\/2642\/revisions"}],"predecessor-version":[{"id":2644,"href":"https:\/\/vdl-dev.coodesoft.com.ar\/index.php\/wp-json\/wp\/v2\/posts\/2642\/revisions\/2644"}],"wp:featuredmedia":[{"embeddable":true,"href":"https:\/\/vdl-dev.coodesoft.com.ar\/index.php\/wp-json\/wp\/v2\/media\/2643"}],"wp:attachment":[{"href":"https:\/\/vdl-dev.coodesoft.com.ar\/index.php\/wp-json\/wp\/v2\/media?parent=2642"}],"wp:term":[{"taxonomy":"category","embeddable":true,"href":"https:\/\/vdl-dev.coodesoft.com.ar\/index.php\/wp-json\/wp\/v2\/categories?post=2642"},{"taxonomy":"post_tag","embeddable":true,"href":"https:\/\/vdl-dev.coodesoft.com.ar\/index.php\/wp-json\/wp\/v2\/tags?post=2642"}],"curies":[{"name":"wp","href":"https:\/\/api.w.org\/{rel}","templated":true}]}}