{"id":2646,"date":"2021-05-07T16:01:17","date_gmt":"2021-05-07T19:01:17","guid":{"rendered":"http:\/\/vocesdellangueyu.com.ar\/?p=2646"},"modified":"2021-05-07T16:01:21","modified_gmt":"2021-05-07T19:01:21","slug":"trasladaron-a-las-personas-alojadas-en-el-geriatrico-del-hospital-para-acondicionar-la-sala-para-pacientes-con-covid","status":"publish","type":"post","link":"https:\/\/vdl-dev.coodesoft.com.ar\/index.php\/2021\/05\/07\/trasladaron-a-las-personas-alojadas-en-el-geriatrico-del-hospital-para-acondicionar-la-sala-para-pacientes-con-covid\/","title":{"rendered":"TRASLADARON A LAS PERSONAS ALOJADAS EN EL GERI\u00c1TRICO DEL HOSPITAL PARA ACONDICIONAR LA SALA PARA PACIENTES CON COVID"},"content":{"rendered":"\n<p>Rosana V\u00e9lez,\nSubdirectora&nbsp; del \u00e1rea de Salud del\nMunicipio, en &nbsp;conferencia de prensa explic\u00f3\nque las personas que se alojan en el Hogar geri\u00e1trico del Hospital municipal\nfueron trasladadas al hogar para discapacitados que se construy\u00f3 en la calle 9\nde Julio con lo cual se liberaron 16 camas para atender pacientes con covid<\/p>\n\n\n\n<p>\u201cNosotros\ntenemos un lugar de discapacidad que lo \u00edbamos a utilizar para los pacientes\ncon covid que requirieran internaci\u00f3n y hemos dispuesto esta semana hacer un\ncambio, trasladar a los abuelos del Hospital Municipal hacia ese lugar, el\nobjetivo es para optimizar el recurso, es un lugar para los pacientes\ninternados por covid que nos queda cerca de todos los servicios\u201d.<\/p>\n\n\n\n<p>\u201cLos abuelos\nest\u00e1n muy contentos, fue un cambio muy positivo para ellos\u201d.<\/p>\n","protected":false},"excerpt":{"rendered":"<p>Rosana V\u00e9lez, Subdirectora&nbsp; del \u00e1rea de Salud del Municipio, en &nbsp;conferencia de prensa explic\u00f3 que las personas que se alojan en el Hogar geri\u00e1trico del Hospital municipal fueron trasladadas al hogar para discapacitados que se construy\u00f3 en la calle 9 de Julio con lo cual se liberaron 16 camas para atender pacientes con covid \u201cNosotros [&hellip;]<\/p>\n","protected":false},"author":4,"featured_media":2647,"comment_status":"open","ping_status":"open","sticky":false,"template":"","format":"standard","meta":{"spay_email":"","jetpack_publicize_message":""},"categories":[17,11,13],"tags":[],"jetpack_featured_media_url":"https:\/\/vdl-dev.coodesoft.com.ar\/wp-content\/uploads\/2021\/05\/velez-R.jpeg","jetpack_publicize_connections":[],"jetpack_sharing_enabled":true,"jetpack_shortlink":"https:\/\/wp.me\/paQJuC-GG","_links":{"self":[{"href":"https:\/\/vdl-dev.coodesoft.com.ar\/index.php\/wp-json\/wp\/v2\/posts\/2646"}],"collection":[{"href":"https:\/\/vdl-dev.coodesoft.com.ar\/index.php\/wp-json\/wp\/v2\/posts"}],"about":[{"href":"https:\/\/vdl-dev.coodesoft.com.ar\/index.php\/wp-json\/wp\/v2\/types\/post"}],"author":[{"embeddable":true,"href":"https:\/\/vdl-dev.coodesoft.com.ar\/index.php\/wp-json\/wp\/v2\/users\/4"}],"replies":[{"embeddable":true,"href":"https:\/\/vdl-dev.coodesoft.com.ar\/index.php\/wp-json\/wp\/v2\/comments?post=2646"}],"version-history":[{"count":1,"href":"https:\/\/vdl-dev.coodesoft.com.ar\/index.php\/wp-json\/wp\/v2\/posts\/2646\/revisions"}],"predecessor-version":[{"id":2648,"href":"https:\/\/vdl-dev.coodesoft.com.ar\/index.php\/wp-json\/wp\/v2\/posts\/2646\/revisions\/2648"}],"wp:featuredmedia":[{"embeddable":true,"href":"https:\/\/vdl-dev.coodesoft.com.ar\/index.php\/wp-json\/wp\/v2\/media\/2647"}],"wp:attachment":[{"href":"https:\/\/vdl-dev.coodesoft.com.ar\/index.php\/wp-json\/wp\/v2\/media?parent=2646"}],"wp:term":[{"taxonomy":"category","embeddable":true,"href":"https:\/\/vdl-dev.coodesoft.com.ar\/index.php\/wp-json\/wp\/v2\/categories?post=2646"},{"taxonomy":"post_tag","embeddable":true,"href":"https:\/\/vdl-dev.coodesoft.com.ar\/index.php\/wp-json\/wp\/v2\/tags?post=2646"}],"curies":[{"name":"wp","href":"https:\/\/api.w.org\/{rel}","templated":true}]}}