{"id":2650,"date":"2021-05-07T16:09:02","date_gmt":"2021-05-07T19:09:02","guid":{"rendered":"http:\/\/vocesdellangueyu.com.ar\/?p=2650"},"modified":"2021-05-07T16:09:06","modified_gmt":"2021-05-07T19:09:06","slug":"el-municipio-anuncio-un-apoyo-economico-para-sectores-de-los-eventos-sociales-y-gastronomicos","status":"publish","type":"post","link":"https:\/\/vdl-dev.coodesoft.com.ar\/index.php\/2021\/05\/07\/el-municipio-anuncio-un-apoyo-economico-para-sectores-de-los-eventos-sociales-y-gastronomicos\/","title":{"rendered":"EL MUNICIPIO ANUNCI\u00d3 UN APOYO ECON\u00d3MICO PARA SECTORES DE LOS EVENTOS SOCIALES Y GASTRON\u00d3MICOS"},"content":{"rendered":"\n<p>En la\nconferencia de prensa de esta ma\u00f1ana el Secretario de Planificaci\u00f3n del\nMunicipio Mario Ibargoyen explic\u00f3 los alcances de la ayuda econ\u00f3mica que el\nMunicipio implementar\u00e1 para los emprendedores de los rubros de los eventos\nsociales y gastron\u00f3micos.<\/p>\n\n\n\n<p>\u201cSe ha\ndecido poder adoptar una prestaci\u00f3n econ\u00f3mica que el Municipio va a ser de\ncar\u00e1cter no reintegrable aportando la suma aproximada del mill\u00f3n de pesos para\npoder&nbsp; llegar&nbsp; aproximadamente a 40 casos para las personas\nque tienen que ver con la gastronom\u00eda y eventos, si bien no estaba pedido en el\n\u00faltimo tiempo consideramos que el rubro evento es el que hist\u00f3ricamente ha sido\nafectado\u201d.<\/p>\n","protected":false},"excerpt":{"rendered":"<p>En la conferencia de prensa de esta ma\u00f1ana el Secretario de Planificaci\u00f3n del Municipio Mario Ibargoyen explic\u00f3 los alcances de la ayuda econ\u00f3mica que el Municipio implementar\u00e1 para los emprendedores de los rubros de los eventos sociales y gastron\u00f3micos. \u201cSe ha decido poder adoptar una prestaci\u00f3n econ\u00f3mica que el Municipio va a ser de car\u00e1cter [&hellip;]<\/p>\n","protected":false},"author":4,"featured_media":2651,"comment_status":"open","ping_status":"open","sticky":false,"template":"","format":"standard","meta":{"spay_email":"","jetpack_publicize_message":""},"categories":[17,11,13],"tags":[],"jetpack_featured_media_url":"https:\/\/vdl-dev.coodesoft.com.ar\/wp-content\/uploads\/2021\/05\/ibargoyen-Mario....jpeg","jetpack_publicize_connections":[],"jetpack_sharing_enabled":true,"jetpack_shortlink":"https:\/\/wp.me\/paQJuC-GK","_links":{"self":[{"href":"https:\/\/vdl-dev.coodesoft.com.ar\/index.php\/wp-json\/wp\/v2\/posts\/2650"}],"collection":[{"href":"https:\/\/vdl-dev.coodesoft.com.ar\/index.php\/wp-json\/wp\/v2\/posts"}],"about":[{"href":"https:\/\/vdl-dev.coodesoft.com.ar\/index.php\/wp-json\/wp\/v2\/types\/post"}],"author":[{"embeddable":true,"href":"https:\/\/vdl-dev.coodesoft.com.ar\/index.php\/wp-json\/wp\/v2\/users\/4"}],"replies":[{"embeddable":true,"href":"https:\/\/vdl-dev.coodesoft.com.ar\/index.php\/wp-json\/wp\/v2\/comments?post=2650"}],"version-history":[{"count":1,"href":"https:\/\/vdl-dev.coodesoft.com.ar\/index.php\/wp-json\/wp\/v2\/posts\/2650\/revisions"}],"predecessor-version":[{"id":2652,"href":"https:\/\/vdl-dev.coodesoft.com.ar\/index.php\/wp-json\/wp\/v2\/posts\/2650\/revisions\/2652"}],"wp:featuredmedia":[{"embeddable":true,"href":"https:\/\/vdl-dev.coodesoft.com.ar\/index.php\/wp-json\/wp\/v2\/media\/2651"}],"wp:attachment":[{"href":"https:\/\/vdl-dev.coodesoft.com.ar\/index.php\/wp-json\/wp\/v2\/media?parent=2650"}],"wp:term":[{"taxonomy":"category","embeddable":true,"href":"https:\/\/vdl-dev.coodesoft.com.ar\/index.php\/wp-json\/wp\/v2\/categories?post=2650"},{"taxonomy":"post_tag","embeddable":true,"href":"https:\/\/vdl-dev.coodesoft.com.ar\/index.php\/wp-json\/wp\/v2\/tags?post=2650"}],"curies":[{"name":"wp","href":"https:\/\/api.w.org\/{rel}","templated":true}]}}