{"id":2660,"date":"2021-05-10T15:37:12","date_gmt":"2021-05-10T18:37:12","guid":{"rendered":"http:\/\/vocesdellangueyu.com.ar\/?p=2660"},"modified":"2021-05-10T15:37:15","modified_gmt":"2021-05-10T18:37:15","slug":"desde-ate-denuncian-que-el-gobierno-no-respeto-el-trabajo-con-los-gremios-para-las-re-categorizaciones-y-la-incorporacion-de-personal-a-dedo-para-obras-publicas","status":"publish","type":"post","link":"https:\/\/vdl-dev.coodesoft.com.ar\/index.php\/2021\/05\/10\/desde-ate-denuncian-que-el-gobierno-no-respeto-el-trabajo-con-los-gremios-para-las-re-categorizaciones-y-la-incorporacion-de-personal-a-dedo-para-obras-publicas\/","title":{"rendered":"DESDE ATE DENUNCIAN QUE EL GOBIERNO NO RESPET\u00d3 EL TRABAJO CON LOS GREMIOS PARA LAS RE CATEGORIZACIONES Y LA INCORPORACI\u00d3N DE PERSONAL \u201cA DEDO\u201d PARA OBRAS P\u00daBLICAS"},"content":{"rendered":"\n<p>El dirigente\nde ATE Rodolfo Lavall\u00e9n cont\u00f3 detalles sobre una reuni\u00f3n que mantuvieron\ndirigentes de los tres gremios de los trabajadores municipales con el\nIntendente Maximiliano Suescun y funcionarios del Ejecutivo local el \u00faltimo\nviernes.<\/p>\n\n\n\n<p>El encuentro\nse realiz\u00f3, seg\u00fan describi\u00f3 Lavall\u00e9n, a pedido de los gremios para plantear\ndudas que tienen en cuanto al proceso de las re categorizaciones del personal y\nla incorporaci\u00f3n de operarios para el \u00e1rea de Obras P\u00fablicas para el manejo de\nmaquinaria vial.<\/p>\n\n\n\n<p>Lavall\u00e9n\ndescribi\u00f3 que en cuanto a las re categorizaciones, el Gobierno las otorg\u00f3 sin\nrespetar el trabajo previo que hab\u00edan realizado en forma conjunta con los\ndirigentes gremiales.<\/p>\n\n\n\n<p>\u201cSe hab\u00eda\nhecho un trabajo pre vio donde se evalu\u00f3 con el Jefe de Personal, con cada\nDirector de cada \u00e1rea y con los gremios la categor\u00eda que deb\u00eda tener cada\ntrabajar y despu\u00e9s ese trabajador aparece con una categor\u00eda m\u00e1s baja, no se respet\u00f3\nel trabajo que se hizo\u201d.<\/p>\n\n\n\n<p>\u201cDel primer\nlistado al listado final hubo muchas diferencias y hubo muchos reclamos.\nTenemos personas que est\u00e1n en las categor\u00edas m\u00e1s bajas y hace 14 a\u00f1os que\ncumplen trabajos de categor\u00edas mucho m\u00e1s altas\u201d.<\/p>\n\n\n\n<p>En\nreferencia a la incorporaci\u00f3n de personal a la Secretar\u00eda de Obras P\u00fablicas, el\nEjecutivo hab\u00eda realizado una convocatoria abierta para los interesados en\ninscribirse en virtud a un pedido que hab\u00eda hecho ATE en su momento porque\nsospechaba que la designaci\u00f3n ya se hab\u00eda realizado por parte de las\nautoridades municipales.<\/p>\n\n\n\n<p>Ahora el\ndirigente sostiene que finalmente los operarios que ingresaron eran los que los\nresponsables del sector hab\u00edan definido antes del llamado a la inscripci\u00f3n p\u00fablica.<\/p>\n\n\n\n<p>Los que son\ntomados \u201ca dedo\u201d vienen con ciertos privilegios con respecto al resto dijo\nLavall\u00e9n.<\/p>\n","protected":false},"excerpt":{"rendered":"<p>El dirigente de ATE Rodolfo Lavall\u00e9n cont\u00f3 detalles sobre una reuni\u00f3n que mantuvieron dirigentes de los tres gremios de los trabajadores municipales con el Intendente Maximiliano Suescun y funcionarios del Ejecutivo local el \u00faltimo viernes. El encuentro se realiz\u00f3, seg\u00fan describi\u00f3 Lavall\u00e9n, a pedido de los gremios para plantear dudas que tienen en cuanto al [&hellip;]<\/p>\n","protected":false},"author":4,"featured_media":2661,"comment_status":"open","ping_status":"open","sticky":false,"template":"","format":"standard","meta":{"spay_email":"","jetpack_publicize_message":""},"categories":[17,11,13],"tags":[],"jetpack_featured_media_url":"https:\/\/vdl-dev.coodesoft.com.ar\/wp-content\/uploads\/2021\/05\/reunion-ate3.jpeg","jetpack_publicize_connections":[],"jetpack_sharing_enabled":true,"jetpack_shortlink":"https:\/\/wp.me\/paQJuC-GU","_links":{"self":[{"href":"https:\/\/vdl-dev.coodesoft.com.ar\/index.php\/wp-json\/wp\/v2\/posts\/2660"}],"collection":[{"href":"https:\/\/vdl-dev.coodesoft.com.ar\/index.php\/wp-json\/wp\/v2\/posts"}],"about":[{"href":"https:\/\/vdl-dev.coodesoft.com.ar\/index.php\/wp-json\/wp\/v2\/types\/post"}],"author":[{"embeddable":true,"href":"https:\/\/vdl-dev.coodesoft.com.ar\/index.php\/wp-json\/wp\/v2\/users\/4"}],"replies":[{"embeddable":true,"href":"https:\/\/vdl-dev.coodesoft.com.ar\/index.php\/wp-json\/wp\/v2\/comments?post=2660"}],"version-history":[{"count":1,"href":"https:\/\/vdl-dev.coodesoft.com.ar\/index.php\/wp-json\/wp\/v2\/posts\/2660\/revisions"}],"predecessor-version":[{"id":2662,"href":"https:\/\/vdl-dev.coodesoft.com.ar\/index.php\/wp-json\/wp\/v2\/posts\/2660\/revisions\/2662"}],"wp:featuredmedia":[{"embeddable":true,"href":"https:\/\/vdl-dev.coodesoft.com.ar\/index.php\/wp-json\/wp\/v2\/media\/2661"}],"wp:attachment":[{"href":"https:\/\/vdl-dev.coodesoft.com.ar\/index.php\/wp-json\/wp\/v2\/media?parent=2660"}],"wp:term":[{"taxonomy":"category","embeddable":true,"href":"https:\/\/vdl-dev.coodesoft.com.ar\/index.php\/wp-json\/wp\/v2\/categories?post=2660"},{"taxonomy":"post_tag","embeddable":true,"href":"https:\/\/vdl-dev.coodesoft.com.ar\/index.php\/wp-json\/wp\/v2\/tags?post=2660"}],"curies":[{"name":"wp","href":"https:\/\/api.w.org\/{rel}","templated":true}]}}