{"id":2693,"date":"2021-05-13T14:16:09","date_gmt":"2021-05-13T17:16:09","guid":{"rendered":"http:\/\/vocesdellangueyu.com.ar\/?p=2693"},"modified":"2021-05-13T14:16:12","modified_gmt":"2021-05-13T17:16:12","slug":"cruce-en-el-concejo-por-los-fondos-de-provincia-grieco-dijo-que-el-municipio-aplica-criterios-de-distribucion-injustos-y-poco-transparentes-mientras-que-alberro-a","status":"publish","type":"post","link":"https:\/\/vdl-dev.coodesoft.com.ar\/index.php\/2021\/05\/13\/cruce-en-el-concejo-por-los-fondos-de-provincia-grieco-dijo-que-el-municipio-aplica-criterios-de-distribucion-injustos-y-poco-transparentes-mientras-que-alberro-a\/","title":{"rendered":"CRUCE EN EL CONCEJO POR LOS FONDOS DE PROVINCIA: GRIECO DIJO QUE EL MUNICIPIO APLICA CRITERIOS DE DISTRIBUCI\u00d3N \u201cINJUSTOS\u201d Y \u201cPOCO TRANSPARENTES\u201d, MIENTRAS QUE ALBERRO ASEGUR\u00d3 QUE SE HACE DE MANERA \u201cCRITERIOSA\u201d Y HABL\u00d3 DE \u201cCHICANAS\u201d"},"content":{"rendered":"\n<p>El Concejo\nDeliberante aprob\u00f3 por unanimidad esta ma\u00f1ana un proyecto de Comunicaci\u00f3n\nelevado por el bloque del Frente de Todos que solicita informaci\u00f3n al\nDepartamento Ejecutivo sobre el criterio aplicado para la distribuci\u00f3n del\nFondo Especial para la Reactivaci\u00f3n del Turismo y la Cultura que impuls\u00f3 el\ngobierno provincial y que alcanz\u00f3 en Rauch la suma de algo m\u00e1s de 3,7 millones\nde pesos.<\/p>\n\n\n\n<p>La solicitud\nse basa en lo que el principal bloque opositor denunci\u00f3 en su momento en torno\na la obtenci\u00f3n por parte de una misma empresa local de dos subsidios con el\nagravante, seg\u00fan explicaron, que el titular es un funcionario de extrema cercan\u00eda\ndel Intendente Municipal Maximiliano Suescun.<\/p>\n\n\n\n<p>En el\nrecinto el concejal Diego Grieco expres\u00f3 que el Municipio controla en demas\u00eda\nla distribuci\u00f3n de recursos cuando los fondos son municipales, pero que no es\ntan detallista a la hora de hacerlo cuando provienen de Naci\u00f3n o Provincia.<\/p>\n\n\n\n<p>Se\u00f1al\u00f3 que\nsi bien es la Provincia la que destina los fondos son los municipios los que\ndeben controlar que llegue en forma adecuada a los beneficiarios por lo que\nreclam\u00f3 que &#8220;el Municipio asuma con responsabilidad y transparencia los\ncriterios para la distribuci\u00f3n de estos fondos&#8221;.<\/p>\n\n\n\n<p>&#8220;Cuidamos\nlas arcas del municipio pero cuando los fondos vienen de naci\u00f3n o de provincia\nsi es m\u00e1s laxo m\u00e1s flexible&#8221; dijo Grieco, quien agreg\u00f3 que &#8220;se\nproducen situaciones de injusticia&#8221; y se aplican criterios &#8220;que son\npoco transparentes&#8221;.<\/p>\n\n\n\n<p>\u201cEl\nMunicipio no est\u00e1 cumpliendo con la delegaci\u00f3n de la Provincia de Buenos Aires\nque fiscalice&nbsp; y haga observar que la\npol\u00edtica p\u00fablica llegue a quien corresponde\u201d.<\/p>\n\n\n\n<p>La\ncomunicaci\u00f3n se aprob\u00f3 por unanimidad, aunque el bloque de Cambiemos a trav\u00e9s\ndel concejal Juan Alberro, expres\u00f3 algunas diferencias respecto a los planteos\nde Grieco.<\/p>\n\n\n\n<p>Alberro dijo\nque tanto los recursos propios como de otras jurisdicciones &#8220;siempre han\nsido utilizados de la manera m\u00e1s criteriosa&#8221;.<\/p>\n\n\n\n<p>Si bien en\nel recinto la oposici\u00f3n no hizo alusi\u00f3n a nombres propios al hablar de las\nposibles irregularidades en la entrega de los fondos, a\u00f1adi\u00f3 que &#8220;no\npodemos entrar en la descalificaci\u00f3n personal&#8221; porque se han realizado &#8220;una\nserie de acusaciones que no corresponden&#8221; y a\u00f1adi\u00f3 que no se debe caer en\n&#8220;chicanas o en el achaque personal&#8221;, en una cr\u00edtica que pareci\u00f3 estar\ndestinada a la bancada del Frente de Todos.<\/p>\n","protected":false},"excerpt":{"rendered":"<p>El Concejo Deliberante aprob\u00f3 por unanimidad esta ma\u00f1ana un proyecto de Comunicaci\u00f3n elevado por el bloque del Frente de Todos que solicita informaci\u00f3n al Departamento Ejecutivo sobre el criterio aplicado para la distribuci\u00f3n del Fondo Especial para la Reactivaci\u00f3n del Turismo y la Cultura que impuls\u00f3 el gobierno provincial y que alcanz\u00f3 en Rauch la [&hellip;]<\/p>\n","protected":false},"author":4,"featured_media":0,"comment_status":"open","ping_status":"open","sticky":false,"template":"","format":"standard","meta":{"spay_email":"","jetpack_publicize_message":""},"categories":[17,11,13],"tags":[],"jetpack_featured_media_url":"","jetpack_publicize_connections":[],"jetpack_sharing_enabled":true,"jetpack_shortlink":"https:\/\/wp.me\/paQJuC-Hr","_links":{"self":[{"href":"https:\/\/vdl-dev.coodesoft.com.ar\/index.php\/wp-json\/wp\/v2\/posts\/2693"}],"collection":[{"href":"https:\/\/vdl-dev.coodesoft.com.ar\/index.php\/wp-json\/wp\/v2\/posts"}],"about":[{"href":"https:\/\/vdl-dev.coodesoft.com.ar\/index.php\/wp-json\/wp\/v2\/types\/post"}],"author":[{"embeddable":true,"href":"https:\/\/vdl-dev.coodesoft.com.ar\/index.php\/wp-json\/wp\/v2\/users\/4"}],"replies":[{"embeddable":true,"href":"https:\/\/vdl-dev.coodesoft.com.ar\/index.php\/wp-json\/wp\/v2\/comments?post=2693"}],"version-history":[{"count":1,"href":"https:\/\/vdl-dev.coodesoft.com.ar\/index.php\/wp-json\/wp\/v2\/posts\/2693\/revisions"}],"predecessor-version":[{"id":2694,"href":"https:\/\/vdl-dev.coodesoft.com.ar\/index.php\/wp-json\/wp\/v2\/posts\/2693\/revisions\/2694"}],"wp:attachment":[{"href":"https:\/\/vdl-dev.coodesoft.com.ar\/index.php\/wp-json\/wp\/v2\/media?parent=2693"}],"wp:term":[{"taxonomy":"category","embeddable":true,"href":"https:\/\/vdl-dev.coodesoft.com.ar\/index.php\/wp-json\/wp\/v2\/categories?post=2693"},{"taxonomy":"post_tag","embeddable":true,"href":"https:\/\/vdl-dev.coodesoft.com.ar\/index.php\/wp-json\/wp\/v2\/tags?post=2693"}],"curies":[{"name":"wp","href":"https:\/\/api.w.org\/{rel}","templated":true}]}}