{"id":2712,"date":"2021-05-14T15:44:49","date_gmt":"2021-05-14T18:44:49","guid":{"rendered":"http:\/\/vocesdellangueyu.com.ar\/?p=2712"},"modified":"2021-05-14T15:44:54","modified_gmt":"2021-05-14T18:44:54","slug":"achaga-adelanto-que-las-escuelas-rurales-podran-tener-clases-presenciales","status":"publish","type":"post","link":"https:\/\/vdl-dev.coodesoft.com.ar\/index.php\/2021\/05\/14\/achaga-adelanto-que-las-escuelas-rurales-podran-tener-clases-presenciales\/","title":{"rendered":"ACHAGA ADELANT\u00d3 QUE LAS ESCUELAS RURALES PODR\u00c1N TENER CLASES PRESENCIALES"},"content":{"rendered":"\n<p><\/p>\n\n\n\n<p>Juan Pedro\nAchaga, titular del Sistema de Salud del Municipio, adelant\u00f3 esta ma\u00f1ana en una\nconferencia de prensa en la que las autoridades sanitarias presentaron un\ninforme de la situaci\u00f3n en Rauch por el coronavirus, que \u201cen una comunicaci\u00f3n\ndel Intendente con la Ministra de Educaci\u00f3n (de la Provincia, Agustina Vila) se\nautoriz\u00f3 las clases presenciales en las comunidades rurales de Colman, Ega\u00f1a,\nMiranda, y algunas otras escuelas aisladas en el Partido de Rauch\u201d.<\/p>\n\n\n\n<p>Si bien la\npresencialidad en las escuelas de la planta urbana se suspender\u00e1 desde el\npr\u00f3ximo lunes \u201cpara casos excepcionales va a estar permitida\u201d dijo Achaga.<\/p>\n\n\n\n<p>El\nIntendente Municipal Maximiliano Suescun hab\u00eda adelantado, cuando se anunciaron\nlas restricciones para la ciudad al estar en Fase 2, que pese a la suspensi\u00f3n\nde las clases presenciales, las escuelas deber\u00e1n permanecer abiertas para\natender casos puntuales.<\/p>\n\n\n\n<p>Hasta el\nmomento las autoridades educativas de la ciudad no han informado con precisi\u00f3n\ncu\u00e1les son las normas que se implementar\u00e1n para la etapa de virtualidad o a\ndistancia que comenzar\u00e1 el lunes y se extender\u00e1 por dos semanas.<\/p>\n","protected":false},"excerpt":{"rendered":"<p>Juan Pedro Achaga, titular del Sistema de Salud del Municipio, adelant\u00f3 esta ma\u00f1ana en una conferencia de prensa en la que las autoridades sanitarias presentaron un informe de la situaci\u00f3n en Rauch por el coronavirus, que \u201cen una comunicaci\u00f3n del Intendente con la Ministra de Educaci\u00f3n (de la Provincia, Agustina Vila) se autoriz\u00f3 las clases [&hellip;]<\/p>\n","protected":false},"author":4,"featured_media":2643,"comment_status":"open","ping_status":"open","sticky":false,"template":"","format":"standard","meta":{"spay_email":"","jetpack_publicize_message":""},"categories":[11,13],"tags":[],"jetpack_featured_media_url":"https:\/\/vdl-dev.coodesoft.com.ar\/wp-content\/uploads\/2021\/05\/achaga-juan-p.jpeg","jetpack_publicize_connections":[],"jetpack_sharing_enabled":true,"jetpack_shortlink":"https:\/\/wp.me\/paQJuC-HK","_links":{"self":[{"href":"https:\/\/vdl-dev.coodesoft.com.ar\/index.php\/wp-json\/wp\/v2\/posts\/2712"}],"collection":[{"href":"https:\/\/vdl-dev.coodesoft.com.ar\/index.php\/wp-json\/wp\/v2\/posts"}],"about":[{"href":"https:\/\/vdl-dev.coodesoft.com.ar\/index.php\/wp-json\/wp\/v2\/types\/post"}],"author":[{"embeddable":true,"href":"https:\/\/vdl-dev.coodesoft.com.ar\/index.php\/wp-json\/wp\/v2\/users\/4"}],"replies":[{"embeddable":true,"href":"https:\/\/vdl-dev.coodesoft.com.ar\/index.php\/wp-json\/wp\/v2\/comments?post=2712"}],"version-history":[{"count":1,"href":"https:\/\/vdl-dev.coodesoft.com.ar\/index.php\/wp-json\/wp\/v2\/posts\/2712\/revisions"}],"predecessor-version":[{"id":2713,"href":"https:\/\/vdl-dev.coodesoft.com.ar\/index.php\/wp-json\/wp\/v2\/posts\/2712\/revisions\/2713"}],"wp:featuredmedia":[{"embeddable":true,"href":"https:\/\/vdl-dev.coodesoft.com.ar\/index.php\/wp-json\/wp\/v2\/media\/2643"}],"wp:attachment":[{"href":"https:\/\/vdl-dev.coodesoft.com.ar\/index.php\/wp-json\/wp\/v2\/media?parent=2712"}],"wp:term":[{"taxonomy":"category","embeddable":true,"href":"https:\/\/vdl-dev.coodesoft.com.ar\/index.php\/wp-json\/wp\/v2\/categories?post=2712"},{"taxonomy":"post_tag","embeddable":true,"href":"https:\/\/vdl-dev.coodesoft.com.ar\/index.php\/wp-json\/wp\/v2\/tags?post=2712"}],"curies":[{"name":"wp","href":"https:\/\/api.w.org\/{rel}","templated":true}]}}