{"id":2719,"date":"2021-05-14T16:01:03","date_gmt":"2021-05-14T19:01:03","guid":{"rendered":"http:\/\/vocesdellangueyu.com.ar\/?p=2719"},"modified":"2021-05-14T16:01:08","modified_gmt":"2021-05-14T19:01:08","slug":"el-sindicato-de-trabajadores-municipales-presento-formalmente-hoy-el-reclamo-por-la-suspension-de-tres-trabajadoras-del-ambito-educativo","status":"publish","type":"post","link":"https:\/\/vdl-dev.coodesoft.com.ar\/index.php\/2021\/05\/14\/el-sindicato-de-trabajadores-municipales-presento-formalmente-hoy-el-reclamo-por-la-suspension-de-tres-trabajadoras-del-ambito-educativo\/","title":{"rendered":"EL SINDICATO DE TRABAJADORES MUNICIPALES PRESENT\u00d3 FORMALMENTE HOY EL RECLAMO POR LA SUSPENSI\u00d3N DE TRES TRABAJADORAS DEL \u00c1MBITO EDUCATIVO"},"content":{"rendered":"\n<p>La\nSecretaria Adjunta del gremio Isabel Saracho confirm\u00f3 que presentaron esta\nma\u00f1ana a primera hora sendas notas en la Secretar\u00eda de Desarrollo Humano y\nFamiliar y la Direcci\u00f3n de Recursos Humanos.<\/p>\n\n\n\n<p>Fue tras la\nreuni\u00f3n que mantuvieron ayer con las trabajadoras, que admitieron haber\nparticipado de una fiesta de cumplea\u00f1os con poca asistencia de invitados, y que\ntras haber cumplido la pena se reincorporaron hoy a sus lugares de trabajo,\ntras haber dado negativos los test r\u00e1pidos que se realizaron.<\/p>\n\n\n\n<p>Saracho\nexplic\u00f3 que si bien firmaron en \u201ccom\u00fan acuerdo\u201d la nota en la que se les\nindicaba que no deb\u00edan concurrir a trabajar por diez d\u00edas y que se los descontar\u00edan\nde sus haberes \u201cellas no estaban de acuerdo con eso\u201d por lo que ayer avalaron\nque el gremio interceda por ellas.<\/p>\n\n\n\n<p>Saracho\nentiende que se trata de una suspensi\u00f3n \u2013pese a que el Intendente prefiri\u00f3 no\nusar ese t\u00e9rmino- ya que es la \u00fanica figura administrativa que establece la\nquita salarial.<\/p>\n\n\n\n<p>\u201cNo est\u00e1\nclaro cu\u00e1l es la causa\u201d porque no est\u00e1 encuadrada la sanci\u00f3n disciplinaria dijo\nSaracho, y es lo que se reclama en el escrito presentado hoy, en la que tambi\u00e9n\npiden que \u201chaya una sanci\u00f3n disciplinaria si corresponde\u201d pero que no alcance a\nla merma en la liquidaci\u00f3n de los haberes.<\/p>\n\n\n\n<p>Otro detalle\nsustancial es que la determinaci\u00f3n de las autoridades no est\u00e1 sustentada en una\nmedida estrictamente sanitaria, ya que se refiere a la imposibilidad de acudir\na los lugares donde desempe\u00f1aban sus labores, pero no incluye la medida de\naislamiento que impide la circulaci\u00f3n en general.<\/p>\n\n\n\n<p>Las\ntrabajadoras se encuentran en una situaci\u00f3n de vulnerabilidad laboral ya que dos\nde ellas est\u00e1n bajo la figura de los PROME (Programa Municipal de Empleo) y la\nrestante jornalizada, por lo que el descuento \u201ces m\u00e1s de la mitad de lo que\ncobran\u201d dijo Saracho.<\/p>\n\n\n\n<p>La dirigente\ngremial sostiene que el Gobierno deber\u00e1 dar marcha atr\u00e1s con la decisi\u00f3n.<\/p>\n","protected":false},"excerpt":{"rendered":"<p>La Secretaria Adjunta del gremio Isabel Saracho confirm\u00f3 que presentaron esta ma\u00f1ana a primera hora sendas notas en la Secretar\u00eda de Desarrollo Humano y Familiar y la Direcci\u00f3n de Recursos Humanos. Fue tras la reuni\u00f3n que mantuvieron ayer con las trabajadoras, que admitieron haber participado de una fiesta de cumplea\u00f1os con poca asistencia de invitados, [&hellip;]<\/p>\n","protected":false},"author":4,"featured_media":2720,"comment_status":"open","ping_status":"open","sticky":false,"template":"","format":"standard","meta":{"spay_email":"","jetpack_publicize_message":""},"categories":[17,11,13],"tags":[],"jetpack_featured_media_url":"https:\/\/vdl-dev.coodesoft.com.ar\/wp-content\/uploads\/2021\/05\/isabel-saracho.jpeg","jetpack_publicize_connections":[],"jetpack_sharing_enabled":true,"jetpack_shortlink":"https:\/\/wp.me\/paQJuC-HR","_links":{"self":[{"href":"https:\/\/vdl-dev.coodesoft.com.ar\/index.php\/wp-json\/wp\/v2\/posts\/2719"}],"collection":[{"href":"https:\/\/vdl-dev.coodesoft.com.ar\/index.php\/wp-json\/wp\/v2\/posts"}],"about":[{"href":"https:\/\/vdl-dev.coodesoft.com.ar\/index.php\/wp-json\/wp\/v2\/types\/post"}],"author":[{"embeddable":true,"href":"https:\/\/vdl-dev.coodesoft.com.ar\/index.php\/wp-json\/wp\/v2\/users\/4"}],"replies":[{"embeddable":true,"href":"https:\/\/vdl-dev.coodesoft.com.ar\/index.php\/wp-json\/wp\/v2\/comments?post=2719"}],"version-history":[{"count":1,"href":"https:\/\/vdl-dev.coodesoft.com.ar\/index.php\/wp-json\/wp\/v2\/posts\/2719\/revisions"}],"predecessor-version":[{"id":2721,"href":"https:\/\/vdl-dev.coodesoft.com.ar\/index.php\/wp-json\/wp\/v2\/posts\/2719\/revisions\/2721"}],"wp:featuredmedia":[{"embeddable":true,"href":"https:\/\/vdl-dev.coodesoft.com.ar\/index.php\/wp-json\/wp\/v2\/media\/2720"}],"wp:attachment":[{"href":"https:\/\/vdl-dev.coodesoft.com.ar\/index.php\/wp-json\/wp\/v2\/media?parent=2719"}],"wp:term":[{"taxonomy":"category","embeddable":true,"href":"https:\/\/vdl-dev.coodesoft.com.ar\/index.php\/wp-json\/wp\/v2\/categories?post=2719"},{"taxonomy":"post_tag","embeddable":true,"href":"https:\/\/vdl-dev.coodesoft.com.ar\/index.php\/wp-json\/wp\/v2\/tags?post=2719"}],"curies":[{"name":"wp","href":"https:\/\/api.w.org\/{rel}","templated":true}]}}