{"id":2726,"date":"2021-05-14T16:24:17","date_gmt":"2021-05-14T19:24:17","guid":{"rendered":"http:\/\/vocesdellangueyu.com.ar\/?p=2726"},"modified":"2021-05-14T16:24:18","modified_gmt":"2021-05-14T19:24:18","slug":"polemica-por-los-criterios-de-distribucion-de-los-fondos-de-provincia","status":"publish","type":"post","link":"https:\/\/vdl-dev.coodesoft.com.ar\/index.php\/2021\/05\/14\/polemica-por-los-criterios-de-distribucion-de-los-fondos-de-provincia\/","title":{"rendered":"POL\u00c9MICA POR LOS CRITERIOS DE DISTRIBUCI\u00d3N DE LOS FONDOS DE PROVINCIA"},"content":{"rendered":"\n<p>El Concejal\ndel Frente de Todos Diego Grieco que ampli\u00f3 los detalles de lo discutido ayer\nen el Concejo sobre la forma en que se distribuyeron los recursos del fondo que\nlleg\u00f3 desde la Provincia para los sectores relacionados con la cultura y el\nturismo<\/p>\n\n\n\n<p>\u201cLo que\ntratamos de hacer desde el bloque es un detalle lo m\u00e1s especifico posible en\nrelaci\u00f3n de c\u00f3mo hab\u00eda sido la distribuci\u00f3n y en cuanto a los medios que se\nutilizan para la distribuci\u00f3n de esto recursos\u201d.<\/p>\n\n\n\n<p>\u201cLos \u00fanicos\ncriterios que se utilizaron para la distribuci\u00f3n de los fondos que vinieron de\nProvincia en este caso fue si encuadraba dentro de los aspectos legales, sin\nembargo este criterio no alcanza por eso el Ministerio de Producci\u00f3n de la\nProvincia de Buenos Aires delega en los municipios la responsabilidad de la\ndistribuci\u00f3n\u201d.<\/p>\n\n\n\n<p>\u201cHay\nsectores de nuestra comunidad que necesitan una mano mucho m\u00e1s importante y por\nel contrario se equipar\u00f3 de una igual&nbsp;\nmanera para todos sin advertir estas cuestiones tan particulares\u201d.<\/p>\n\n\n\n<p>Grieco\nsostuvo que \u201cese criterio es insuficiente\u201d y tienen diferentes criterios cuando\nlos fondos son del municipio.<\/p>\n","protected":false},"excerpt":{"rendered":"<p>El Concejal del Frente de Todos Diego Grieco que ampli\u00f3 los detalles de lo discutido ayer en el Concejo sobre la forma en que se distribuyeron los recursos del fondo que lleg\u00f3 desde la Provincia para los sectores relacionados con la cultura y el turismo \u201cLo que tratamos de hacer desde el bloque es un [&hellip;]<\/p>\n","protected":false},"author":4,"featured_media":1635,"comment_status":"open","ping_status":"open","sticky":false,"template":"","format":"standard","meta":{"spay_email":"","jetpack_publicize_message":""},"categories":[17,11],"tags":[],"jetpack_featured_media_url":"https:\/\/vdl-dev.coodesoft.com.ar\/wp-content\/uploads\/2020\/11\/grieco-concejal.jpeg","jetpack_publicize_connections":[],"jetpack_sharing_enabled":true,"jetpack_shortlink":"https:\/\/wp.me\/paQJuC-HY","_links":{"self":[{"href":"https:\/\/vdl-dev.coodesoft.com.ar\/index.php\/wp-json\/wp\/v2\/posts\/2726"}],"collection":[{"href":"https:\/\/vdl-dev.coodesoft.com.ar\/index.php\/wp-json\/wp\/v2\/posts"}],"about":[{"href":"https:\/\/vdl-dev.coodesoft.com.ar\/index.php\/wp-json\/wp\/v2\/types\/post"}],"author":[{"embeddable":true,"href":"https:\/\/vdl-dev.coodesoft.com.ar\/index.php\/wp-json\/wp\/v2\/users\/4"}],"replies":[{"embeddable":true,"href":"https:\/\/vdl-dev.coodesoft.com.ar\/index.php\/wp-json\/wp\/v2\/comments?post=2726"}],"version-history":[{"count":1,"href":"https:\/\/vdl-dev.coodesoft.com.ar\/index.php\/wp-json\/wp\/v2\/posts\/2726\/revisions"}],"predecessor-version":[{"id":2727,"href":"https:\/\/vdl-dev.coodesoft.com.ar\/index.php\/wp-json\/wp\/v2\/posts\/2726\/revisions\/2727"}],"wp:featuredmedia":[{"embeddable":true,"href":"https:\/\/vdl-dev.coodesoft.com.ar\/index.php\/wp-json\/wp\/v2\/media\/1635"}],"wp:attachment":[{"href":"https:\/\/vdl-dev.coodesoft.com.ar\/index.php\/wp-json\/wp\/v2\/media?parent=2726"}],"wp:term":[{"taxonomy":"category","embeddable":true,"href":"https:\/\/vdl-dev.coodesoft.com.ar\/index.php\/wp-json\/wp\/v2\/categories?post=2726"},{"taxonomy":"post_tag","embeddable":true,"href":"https:\/\/vdl-dev.coodesoft.com.ar\/index.php\/wp-json\/wp\/v2\/tags?post=2726"}],"curies":[{"name":"wp","href":"https:\/\/api.w.org\/{rel}","templated":true}]}}