{"id":3537,"date":"2021-08-24T14:26:43","date_gmt":"2021-08-24T17:26:43","guid":{"rendered":"http:\/\/vocesdellangueyu.com.ar\/?p=3537"},"modified":"2021-08-24T14:26:46","modified_gmt":"2021-08-24T17:26:46","slug":"que-la-union-civica-radical-continue-con-los-cuatro-consejeros-escolares-pidio-mariana-peruchena","status":"publish","type":"post","link":"https:\/\/vdl-dev.coodesoft.com.ar\/index.php\/2021\/08\/24\/que-la-union-civica-radical-continue-con-los-cuatro-consejeros-escolares-pidio-mariana-peruchena\/","title":{"rendered":"\u201cQUE LA UNI\u00d3N C\u00cdVICA RADICAL CONTIN\u00daE CON LOS CUATRO CONSEJEROS ESCOLARES\u201d PIDI\u00d3 MARIANA PERUCHENA"},"content":{"rendered":"\n<p>La pre\ncandidata a Consejera Escolar en primer t\u00e9rmino del radicalismo local Mariana\nPeruchena dijo que espera que la UCR logre conseguir los votos necesarios en\nlas elecciones legislativas de este a\u00f1o para lograr mantener la hegemon\u00eda que\nel oficialismo tiene en el organismo hasta el momento.<\/p>\n\n\n\n<p>Peruchena\nesgrimi\u00f3 que uno de los principales objetivos es \u201cque la Uni\u00f3n C\u00edvica Radical\ncontin\u00fae con los cuatro consejeros escolares\u201d.<\/p>\n\n\n\n<p>\u201cSi es un\nConsejo Escolar abierto, si tiene escucha y se puede trabajar en conjunto con\ntoda la comunidad es bueno. Queremos seguir trabajando de esa manera\u2026 yo quiero\ningresar con Manuel Molfesa que integra el equipo conmigo\u2026\u201d se\u00f1al\u00f3 Peruchena, aunque\nreconoci\u00f3 que \u201cescuchar y tener todas las voces es m\u00e1s rico\u201d al ser consultada\nsobre la importancia o no de la representaci\u00f3n de diferentes espacios pol\u00edticos\nen el lugar.<\/p>\n\n\n\n<p>\u201cEstamos\ntrabajando en equipo, no estamos formando, escuchando a los vecinos\u201d.<\/p>\n\n\n\n<p>En 1999 fue\ncandidata a concejal suplente en la elecci\u00f3n que consagr\u00f3 como Intendente a\nJorge Petreigne&nbsp; y en 2011 fue candidata\na consejera escolar suplente en la n\u00f3mina que encabez\u00f3 el ex Intendente Nicol\u00e1s\nSica, y que perdiera con la que lideraba el por entonces Jefe Comunal Jorge\nUgarte.<\/p>\n\n\n\n<p>Dijo que \u201cel\ncontacto con los vecinos es muy bueno. Nos recibe muy bien. Est\u00e1n esperando que\nuno llegue a su domicilio\u2026 es muy interesante y es la base de lo que hacemos,\nescuchar a los vecinos\u201d.<\/p>\n","protected":false},"excerpt":{"rendered":"<p>La pre candidata a Consejera Escolar en primer t\u00e9rmino del radicalismo local Mariana Peruchena dijo que espera que la UCR logre conseguir los votos necesarios en las elecciones legislativas de este a\u00f1o para lograr mantener la hegemon\u00eda que el oficialismo tiene en el organismo hasta el momento. Peruchena esgrimi\u00f3 que uno de los principales objetivos [&hellip;]<\/p>\n","protected":false},"author":4,"featured_media":3538,"comment_status":"open","ping_status":"open","sticky":false,"template":"","format":"standard","meta":{"spay_email":"","jetpack_publicize_message":""},"categories":[17,11],"tags":[],"jetpack_featured_media_url":"https:\/\/vdl-dev.coodesoft.com.ar\/wp-content\/uploads\/2021\/08\/mariana-P.jpeg","jetpack_publicize_connections":[],"jetpack_sharing_enabled":true,"jetpack_shortlink":"https:\/\/wp.me\/paQJuC-V3","_links":{"self":[{"href":"https:\/\/vdl-dev.coodesoft.com.ar\/index.php\/wp-json\/wp\/v2\/posts\/3537"}],"collection":[{"href":"https:\/\/vdl-dev.coodesoft.com.ar\/index.php\/wp-json\/wp\/v2\/posts"}],"about":[{"href":"https:\/\/vdl-dev.coodesoft.com.ar\/index.php\/wp-json\/wp\/v2\/types\/post"}],"author":[{"embeddable":true,"href":"https:\/\/vdl-dev.coodesoft.com.ar\/index.php\/wp-json\/wp\/v2\/users\/4"}],"replies":[{"embeddable":true,"href":"https:\/\/vdl-dev.coodesoft.com.ar\/index.php\/wp-json\/wp\/v2\/comments?post=3537"}],"version-history":[{"count":1,"href":"https:\/\/vdl-dev.coodesoft.com.ar\/index.php\/wp-json\/wp\/v2\/posts\/3537\/revisions"}],"predecessor-version":[{"id":3539,"href":"https:\/\/vdl-dev.coodesoft.com.ar\/index.php\/wp-json\/wp\/v2\/posts\/3537\/revisions\/3539"}],"wp:featuredmedia":[{"embeddable":true,"href":"https:\/\/vdl-dev.coodesoft.com.ar\/index.php\/wp-json\/wp\/v2\/media\/3538"}],"wp:attachment":[{"href":"https:\/\/vdl-dev.coodesoft.com.ar\/index.php\/wp-json\/wp\/v2\/media?parent=3537"}],"wp:term":[{"taxonomy":"category","embeddable":true,"href":"https:\/\/vdl-dev.coodesoft.com.ar\/index.php\/wp-json\/wp\/v2\/categories?post=3537"},{"taxonomy":"post_tag","embeddable":true,"href":"https:\/\/vdl-dev.coodesoft.com.ar\/index.php\/wp-json\/wp\/v2\/tags?post=3537"}],"curies":[{"name":"wp","href":"https:\/\/api.w.org\/{rel}","templated":true}]}}