{"id":3541,"date":"2021-08-24T14:39:59","date_gmt":"2021-08-24T17:39:59","guid":{"rendered":"http:\/\/vocesdellangueyu.com.ar\/?p=3541"},"modified":"2021-08-24T14:40:02","modified_gmt":"2021-08-24T17:40:02","slug":"nicolas-del-cano-arribo-a-rauch-los-que-nos-han-gobernado-nos-han-traido-hasta-aca","status":"publish","type":"post","link":"https:\/\/vdl-dev.coodesoft.com.ar\/index.php\/2021\/08\/24\/nicolas-del-cano-arribo-a-rauch-los-que-nos-han-gobernado-nos-han-traido-hasta-aca\/","title":{"rendered":"NICOL\u00c1S DEL CA\u00d1O ARRIB\u00d3 A RAUCH: \u201cLOS QUE NOS HAN GOBERNADO NOS HAN TRA\u00cdDO HASTA AC\u00c1\u201d."},"content":{"rendered":"\n<p>El pre\ncandidato a Primer Diputado Nacional por el Frente de Izquierda Nicol\u00e1s del\nCa\u00f1o arrib\u00f3 a Rauch ayer para encabezar el acto de presentaci\u00f3n de la lista\nlocal, que se llev\u00f3 a cabo en un local comercial c\u00e9ntrico.<\/p>\n\n\n\n<p>Asistieron\nalgunos de los miembros de la n\u00f3mina y Del Ca\u00f1o hizo un repaso de los principales\nlineamientos de la campa\u00f1a electoral del espacio.<\/p>\n\n\n\n<p>\u201cLa salud es\nuno de los problemas que vemos en cada lugar que vamos, est\u00e1n totalmente precarizados,\ncon salarios muy bajos, con pluriempleo para poder llegar&nbsp; fin de mes, lo mismo sucede con la\nprecarizaci\u00f3n de la juventud muchos j\u00f3venes est\u00e1n con empleos inestables, sub\nocupados, una de las propuestas que se ha escuchado en la campa\u00f1a es la\nreducci\u00f3n de la jornada laboral sin que afecte al salario\u201d.<\/p>\n\n\n\n<p>\u201cOtro tema\nque surge recurrentemente es el tema de la vivienda, hay un d\u00e9ficit habitacional\nde 3 millones de viviendas. Un plan de obras p\u00fablicas como el que planteamos\nnecesita recursos, la plata se la llevan los especuladores, los bancos, los\nempresarios\u201d.<\/p>\n\n\n\n<p>\u201cLos que nos\nhan gobernado nos han tra\u00eddo hasta ac\u00e1\u201d.<\/p>\n\n\n\n<p>\u201cFortalecer\nel Frente de Izquierda es fortalecer las luchas que se vienen dando y las que\nvan a venir. Apostamos a retomar el movimiento de lucha de los trabajadores y\nla clase trabajadora\u201d.<\/p>\n","protected":false},"excerpt":{"rendered":"<p>El pre candidato a Primer Diputado Nacional por el Frente de Izquierda Nicol\u00e1s del Ca\u00f1o arrib\u00f3 a Rauch ayer para encabezar el acto de presentaci\u00f3n de la lista local, que se llev\u00f3 a cabo en un local comercial c\u00e9ntrico. Asistieron algunos de los miembros de la n\u00f3mina y Del Ca\u00f1o hizo un repaso de los [&hellip;]<\/p>\n","protected":false},"author":4,"featured_media":3542,"comment_status":"open","ping_status":"open","sticky":false,"template":"","format":"standard","meta":{"spay_email":"","jetpack_publicize_message":""},"categories":[17,11],"tags":[],"jetpack_featured_media_url":"https:\/\/vdl-dev.coodesoft.com.ar\/wp-content\/uploads\/2021\/08\/del-ca\u00f1o-c-onf.jpeg","jetpack_publicize_connections":[],"jetpack_sharing_enabled":true,"jetpack_shortlink":"https:\/\/wp.me\/paQJuC-V7","_links":{"self":[{"href":"https:\/\/vdl-dev.coodesoft.com.ar\/index.php\/wp-json\/wp\/v2\/posts\/3541"}],"collection":[{"href":"https:\/\/vdl-dev.coodesoft.com.ar\/index.php\/wp-json\/wp\/v2\/posts"}],"about":[{"href":"https:\/\/vdl-dev.coodesoft.com.ar\/index.php\/wp-json\/wp\/v2\/types\/post"}],"author":[{"embeddable":true,"href":"https:\/\/vdl-dev.coodesoft.com.ar\/index.php\/wp-json\/wp\/v2\/users\/4"}],"replies":[{"embeddable":true,"href":"https:\/\/vdl-dev.coodesoft.com.ar\/index.php\/wp-json\/wp\/v2\/comments?post=3541"}],"version-history":[{"count":1,"href":"https:\/\/vdl-dev.coodesoft.com.ar\/index.php\/wp-json\/wp\/v2\/posts\/3541\/revisions"}],"predecessor-version":[{"id":3543,"href":"https:\/\/vdl-dev.coodesoft.com.ar\/index.php\/wp-json\/wp\/v2\/posts\/3541\/revisions\/3543"}],"wp:featuredmedia":[{"embeddable":true,"href":"https:\/\/vdl-dev.coodesoft.com.ar\/index.php\/wp-json\/wp\/v2\/media\/3542"}],"wp:attachment":[{"href":"https:\/\/vdl-dev.coodesoft.com.ar\/index.php\/wp-json\/wp\/v2\/media?parent=3541"}],"wp:term":[{"taxonomy":"category","embeddable":true,"href":"https:\/\/vdl-dev.coodesoft.com.ar\/index.php\/wp-json\/wp\/v2\/categories?post=3541"},{"taxonomy":"post_tag","embeddable":true,"href":"https:\/\/vdl-dev.coodesoft.com.ar\/index.php\/wp-json\/wp\/v2\/tags?post=3541"}],"curies":[{"name":"wp","href":"https:\/\/api.w.org\/{rel}","templated":true}]}}