{"id":3544,"date":"2021-08-24T14:53:57","date_gmt":"2021-08-24T17:53:57","guid":{"rendered":"http:\/\/vocesdellangueyu.com.ar\/?p=3544"},"modified":"2021-08-24T14:54:01","modified_gmt":"2021-08-24T17:54:01","slug":"en-una-brevisima-sesion-el-concejo-deliberante-avalo-la-adjudicacion-a-la-cooperativa-mayo-de-una-obra-de-cordon-cuneta","status":"publish","type":"post","link":"https:\/\/vdl-dev.coodesoft.com.ar\/index.php\/2021\/08\/24\/en-una-brevisima-sesion-el-concejo-deliberante-avalo-la-adjudicacion-a-la-cooperativa-mayo-de-una-obra-de-cordon-cuneta\/","title":{"rendered":"EN UNA BREV\u00cdSIMA SESI\u00d3N, EL CONCEJO DELIBERANTE AVAL\u00d3 LA ADJUDICACI\u00d3N A LA COOPERATIVA MAYO DE UNA OBRA DE CORD\u00d3N CUNETA"},"content":{"rendered":"\n<figure class=\"wp-block-image\"><img loading=\"lazy\" width=\"728\" height=\"606\" src=\"https:\/\/vocesdellangueyu.com.ar\/wp-content\/uploads\/2021\/08\/grieco...1.jpeg\" alt=\"\" class=\"wp-image-3546\" srcset=\"https:\/\/vdl-dev.coodesoft.com.ar\/wp-content\/uploads\/2021\/08\/grieco...1.jpeg 728w, https:\/\/vdl-dev.coodesoft.com.ar\/wp-content\/uploads\/2021\/08\/grieco...1-300x250.jpeg 300w\" sizes=\"(max-width: 728px) 100vw, 728px\" \/><\/figure>\n\n\n\n<p>El Concejo\nDeliberante aprob\u00f3 esta ma\u00f1ana por unanimidad la adjudicaci\u00f3n por parte del\nEjecutivo local de la obra de construcci\u00f3n de cord\u00f3n cuneta en diferentes\nbarrios de la ciudad para la Cooperativa Mayo, por algo m\u00e1s de 3,2 millones de\npesos.<\/p>\n\n\n\n<p>Juan Alberro,\nel concejal informante del expediente por parte del oficialismo dio los\ndetalles del mismo, en una sesi\u00f3n que tuvo s\u00f3lo ese tema en tratamiento \u2013casi\nla totalidad quedaron pendientes para las reuniones pr\u00f3ximas- por lo que dur\u00f3\npoco m\u00e1s de 10 minutos.<\/p>\n\n\n\n<p>\u201cEs un\ntrabajo en conjunto que se viene realizando con diferentes a\u00e9reas municipales\nque potencia a la cooperativa y al Municipio. Si bien es una \u00fanica oferta en la\nlicitaci\u00f3n acompa\u00f1amos esta tipo de asociaciones entre el Municipio y la\ncooperativa de trabajo\u201d.<\/p>\n\n\n\n<p>El concejal\nDiego Grieco, del Frente de Todos, adelant\u00f3 el voto positivo del principal\nbloque de la oposici\u00f3n \u201cvamos a estar desde el Bloque Frente de Todos\nacompa\u00f1ando para que esta obra pueda continuar con el importante aporte del\ngobierno nacional \u2026viene a dar respuesta a demandas hist\u00f3ricas de vecinos y\nvecinas\u201d.<\/p>\n","protected":false},"excerpt":{"rendered":"<p>El Concejo Deliberante aprob\u00f3 esta ma\u00f1ana por unanimidad la adjudicaci\u00f3n por parte del Ejecutivo local de la obra de construcci\u00f3n de cord\u00f3n cuneta en diferentes barrios de la ciudad para la Cooperativa Mayo, por algo m\u00e1s de 3,2 millones de pesos. Juan Alberro, el concejal informante del expediente por parte del oficialismo dio los detalles [&hellip;]<\/p>\n","protected":false},"author":4,"featured_media":3545,"comment_status":"open","ping_status":"open","sticky":false,"template":"","format":"standard","meta":{"spay_email":"","jetpack_publicize_message":""},"categories":[17,11],"tags":[],"jetpack_featured_media_url":"https:\/\/vdl-dev.coodesoft.com.ar\/wp-content\/uploads\/2021\/08\/alberro-1.jpeg","jetpack_publicize_connections":[],"jetpack_sharing_enabled":true,"jetpack_shortlink":"https:\/\/wp.me\/paQJuC-Va","_links":{"self":[{"href":"https:\/\/vdl-dev.coodesoft.com.ar\/index.php\/wp-json\/wp\/v2\/posts\/3544"}],"collection":[{"href":"https:\/\/vdl-dev.coodesoft.com.ar\/index.php\/wp-json\/wp\/v2\/posts"}],"about":[{"href":"https:\/\/vdl-dev.coodesoft.com.ar\/index.php\/wp-json\/wp\/v2\/types\/post"}],"author":[{"embeddable":true,"href":"https:\/\/vdl-dev.coodesoft.com.ar\/index.php\/wp-json\/wp\/v2\/users\/4"}],"replies":[{"embeddable":true,"href":"https:\/\/vdl-dev.coodesoft.com.ar\/index.php\/wp-json\/wp\/v2\/comments?post=3544"}],"version-history":[{"count":1,"href":"https:\/\/vdl-dev.coodesoft.com.ar\/index.php\/wp-json\/wp\/v2\/posts\/3544\/revisions"}],"predecessor-version":[{"id":3547,"href":"https:\/\/vdl-dev.coodesoft.com.ar\/index.php\/wp-json\/wp\/v2\/posts\/3544\/revisions\/3547"}],"wp:featuredmedia":[{"embeddable":true,"href":"https:\/\/vdl-dev.coodesoft.com.ar\/index.php\/wp-json\/wp\/v2\/media\/3545"}],"wp:attachment":[{"href":"https:\/\/vdl-dev.coodesoft.com.ar\/index.php\/wp-json\/wp\/v2\/media?parent=3544"}],"wp:term":[{"taxonomy":"category","embeddable":true,"href":"https:\/\/vdl-dev.coodesoft.com.ar\/index.php\/wp-json\/wp\/v2\/categories?post=3544"},{"taxonomy":"post_tag","embeddable":true,"href":"https:\/\/vdl-dev.coodesoft.com.ar\/index.php\/wp-json\/wp\/v2\/tags?post=3544"}],"curies":[{"name":"wp","href":"https:\/\/api.w.org\/{rel}","templated":true}]}}