{"id":3548,"date":"2021-08-25T14:40:22","date_gmt":"2021-08-25T17:40:22","guid":{"rendered":"http:\/\/vocesdellangueyu.com.ar\/?p=3548"},"modified":"2021-08-25T14:40:26","modified_gmt":"2021-08-25T17:40:26","slug":"estoy-convencida-que-va-a-haber-una-contundencia-en-reafirmar-el-rumbo-hacia-donde-sale-la-argentina-dijo-tolosa-paz","status":"publish","type":"post","link":"https:\/\/vdl-dev.coodesoft.com.ar\/index.php\/2021\/08\/25\/estoy-convencida-que-va-a-haber-una-contundencia-en-reafirmar-el-rumbo-hacia-donde-sale-la-argentina-dijo-tolosa-paz\/","title":{"rendered":"\u201cESTOY CONVENCIDA QUE VA A HABER UNA CONTUNDENCIA EN REAFIRMAR EL RUMBO HACIA DONDE SALE LA ARGENTINA\u201d DIJO TOLOSA PAZ"},"content":{"rendered":"\n<p>Tras el acto\nque encabez\u00f3 el pasado lunes en Rauch la primera pre candidata a Diputada\nNacional por el Frente de Todos en la Provincia de Buenos Aires Victoria Tolosa\nPaz atendi\u00f3 los requerimientos de los medios locales que cubrieron el evento.<\/p>\n\n\n\n<p>Predispuesta\ny distendida se refiri\u00f3 a su visita a las ciudades de la zona \u2013adem\u00e1s de Rauch,\n\u00e9se d\u00eda estuvo en Las Flores y Tandil-, a las expectativas de salir r\u00e1pidamente\nde la pandemia por el coronavirus, la recuperaci\u00f3n econ\u00f3mica que desde el\nespacio observan y ratific\u00f3 los cuestionamientos a los partidos opositores con\nepicentro en Juntos, a quienes responsabilizan de la situaci\u00f3n econ\u00f3mica en la\nque dejaron al pa\u00eds.<\/p>\n\n\n\n<p>Tolosa Paz\ndijo que est\u00e1n recorriendo el centro de la provincia \u201cen su coraz\u00f3n productivo d\u00e1ndole\nimportancia a lo que creemos que va a ser fundamental, el entramado Pyme, los\nparques industriales, todo lo que tiene que ver con la generaci\u00f3n de trabajo\u201d.<\/p>\n\n\n\n<p>\u201cUna\nArgentina que estaba ya muy da\u00f1ada cuando asumimos como Gobierno y que transit\u00f3\nla pandemia con mucha responsabilidad y dotando al sistema sanitario\u201d para\navanzar con el operativo de inmunizaci\u00f3n<\/p>\n\n\n\n<p>&nbsp;Para septiembre se recuperar\u00eda la actividad en\nsectores que est\u00e1n todav\u00eda restringidos: gastronom\u00eda y turismo<\/p>\n\n\n\n<p>\u201cSe est\u00e1n\nrecuperando varios sectores: construcci\u00f3n, el crecimiento de la industria.\nRecuperaci\u00f3n de puestos de trabajo perdidos a ra\u00edz de la pandemia, se est\u00e1n\nrecuperando el 65 % de los puestos de trabajo que se perdieron e n pandemia\u201d.<\/p>\n\n\n\n<p>Recuperar el\ndistrito porque \u201ces clave, porque vemos muchas diferencias en las localidades\ndonde gobiernan compa\u00f1eros que est\u00e1n en sinton\u00eda con el gobierno provincial y\nnacional y que tienen puesta la mirada en la producci\u00f3n en el trabajo en el\nestar cerca de los vecinos y con un Estado presente\u201d<\/p>\n\n\n\n<p>Explic\u00f3\ncu\u00e1les son las preocupaciones que nota en su recorrida por los distritos del\ninterior: si va a haber oportunidades y el trabajo va a recomponer la capacidad\nde consumo porque el salario lleva \u201ccuatro a\u00f1os de destrucci\u00f3n\u201d. <\/p>\n\n\n\n<p>\u201cHay que\nnivelar hacia arriba la inclusi\u00f3n laboral y trabajar en la recuperaci\u00f3n del\nsalario, que es mucho m\u00e1s lenta de lo que todos quisi\u00e9ramos porque hay que ir\nsacando las bombas que nos dej\u00f3 la alianza Cambiemos\u201d entre las que enumer\u00f3 los\nendeudamientos con el FMI, los acreedores privados, y el Club de Par\u00eds, entre\notras cosas.<\/p>\n\n\n\n<p>La\nactualidad \u201cempieza a&nbsp; mostrar\nindicadores sociales y econ\u00f3micos de reactivaci\u00f3n y reconstrucci\u00f3n, incluso en\nun tiempo muy dif\u00edcil porque todav\u00eda estamos en pandemia\u201d algo que va a ser mucho\nm\u00e1s veloz de aqu\u00ed en adelante<\/p>\n\n\n\n<p>La\nrecuperaci\u00f3n econ\u00f3mica estim\u00f3 Tolosa Paz se lograr\u00e1 con las acciones que est\u00e1\nllevando a cabo el Gobierno y enumer\u00f3 entre otros cosas, la declaraci\u00f3n de zona\nfr\u00eda para varias ciudades de la Provincia de Buenos Aires lo que generar\u00e1 una\nrebaja de entre un 30 y un 50% en las facturas del gas, la quita en el pago del\nimpuesto a las ganancias de varios trabajadores que lograr\u00e1 \u201cactivar el\nconsumo\u201d, entre otras cosas.<\/p>\n\n\n\n<p>Tolosa Paz\nestima que \u201chay una valoraci\u00f3n muy positiva\u201d de la sociedad en cuanto a la\nforma en que el Gobierno trabaj\u00f3 en materia sanitaria por el Covid y \u201ccreo que\neso se va a notar el 12 de septiembre tambi\u00e9n\u201d. \u201cLa salida de la pandemia est\u00e1\nah\u00ed nom\u00e1s\u2026\u201d a\u00f1adi\u00f3.<\/p>\n\n\n\n<p>Hay una\neconom\u00eda que est\u00e1 da\u00f1ada\u201d pero no por las gestiones de Naci\u00f3n y Provincia sino\n\u201cpor el Covid, que produjo un da\u00f1o muy fuerte en todo el mundo\u201d<\/p>\n\n\n\n<p>\u201cEstoy\nconvencida que va a haber una contundencia en reafirmar el rumbo hacia donde\nsale la Argentina\u201d tras los comicios legislativos de septiembre y noviembre\npr\u00f3ximos.<\/p>\n\n\n\n<p>\u201cUn gobierno\nque mira el salario de los trabajadores y de los jubilados no como un costo\nsino como la propia excusa para poder dinamizar todo lo que necesitamos\nrecomponer\u201d<\/p>\n\n\n\n<p>Buscar&nbsp; impedir la evasi\u00f3n \u201cpero no asfixiar a los\nque producen y trabajan, que es lo que estamos haciendo\u201d<\/p>\n\n\n\n<p>Tolosa Paz\nesboz\u00f3 la diferencia electoral que existe con el principal espacio opositor: \u201cLo\notro es mirar para atr\u00e1s y querer caer en el pasado, en las peores pr\u00e1cticas de\nla pol\u00edtica econ\u00f3mica que destruy\u00f3 el coraz\u00f3n productivo de Rauch y de cada una\nde las localidades\u201d<\/p>\n\n\n\n<p>\u201cEllos\n(Juntos) tienen la idea de un Estado que no est\u00e9 presente\u201d y asegur\u00f3 que a los\nque promueven que \u201cel mercado\u201d resuelve todas las injusticias sociales y\necon\u00f3micas \u201cnosotros les devolvemos que no, que el Estado tiene que estar all\u00ed\npara poder empezar a subsanar las tremendas desigualdades sociales que tiene la\nArgentina y para dinamizar la reconstrucci\u00f3n del tejido social\u201d<\/p>\n","protected":false},"excerpt":{"rendered":"<p>Tras el acto que encabez\u00f3 el pasado lunes en Rauch la primera pre candidata a Diputada Nacional por el Frente de Todos en la Provincia de Buenos Aires Victoria Tolosa Paz atendi\u00f3 los requerimientos de los medios locales que cubrieron el evento. Predispuesta y distendida se refiri\u00f3 a su visita a las ciudades de la [&hellip;]<\/p>\n","protected":false},"author":4,"featured_media":3549,"comment_status":"open","ping_status":"open","sticky":false,"template":"","format":"standard","meta":{"spay_email":"","jetpack_publicize_message":""},"categories":[17,13],"tags":[],"jetpack_featured_media_url":"https:\/\/vdl-dev.coodesoft.com.ar\/wp-content\/uploads\/2021\/08\/WhatsApp-Image-2021-08-25-at-12.27.19-PM-1.jpeg","jetpack_publicize_connections":[],"jetpack_sharing_enabled":true,"jetpack_shortlink":"https:\/\/wp.me\/paQJuC-Ve","_links":{"self":[{"href":"https:\/\/vdl-dev.coodesoft.com.ar\/index.php\/wp-json\/wp\/v2\/posts\/3548"}],"collection":[{"href":"https:\/\/vdl-dev.coodesoft.com.ar\/index.php\/wp-json\/wp\/v2\/posts"}],"about":[{"href":"https:\/\/vdl-dev.coodesoft.com.ar\/index.php\/wp-json\/wp\/v2\/types\/post"}],"author":[{"embeddable":true,"href":"https:\/\/vdl-dev.coodesoft.com.ar\/index.php\/wp-json\/wp\/v2\/users\/4"}],"replies":[{"embeddable":true,"href":"https:\/\/vdl-dev.coodesoft.com.ar\/index.php\/wp-json\/wp\/v2\/comments?post=3548"}],"version-history":[{"count":1,"href":"https:\/\/vdl-dev.coodesoft.com.ar\/index.php\/wp-json\/wp\/v2\/posts\/3548\/revisions"}],"predecessor-version":[{"id":3550,"href":"https:\/\/vdl-dev.coodesoft.com.ar\/index.php\/wp-json\/wp\/v2\/posts\/3548\/revisions\/3550"}],"wp:featuredmedia":[{"embeddable":true,"href":"https:\/\/vdl-dev.coodesoft.com.ar\/index.php\/wp-json\/wp\/v2\/media\/3549"}],"wp:attachment":[{"href":"https:\/\/vdl-dev.coodesoft.com.ar\/index.php\/wp-json\/wp\/v2\/media?parent=3548"}],"wp:term":[{"taxonomy":"category","embeddable":true,"href":"https:\/\/vdl-dev.coodesoft.com.ar\/index.php\/wp-json\/wp\/v2\/categories?post=3548"},{"taxonomy":"post_tag","embeddable":true,"href":"https:\/\/vdl-dev.coodesoft.com.ar\/index.php\/wp-json\/wp\/v2\/tags?post=3548"}],"curies":[{"name":"wp","href":"https:\/\/api.w.org\/{rel}","templated":true}]}}