{"id":3560,"date":"2021-08-26T14:57:14","date_gmt":"2021-08-26T17:57:14","guid":{"rendered":"http:\/\/vocesdellangueyu.com.ar\/?p=3560"},"modified":"2021-08-26T14:57:17","modified_gmt":"2021-08-26T17:57:17","slug":"roberto-papponetti-admitio-que-nos-golpeo-bastante-la-noticia-del-fallecimiento-de-bulaich-a-quien-califico-como-un-hombre-bueno","status":"publish","type":"post","link":"https:\/\/vdl-dev.coodesoft.com.ar\/index.php\/2021\/08\/26\/roberto-papponetti-admitio-que-nos-golpeo-bastante-la-noticia-del-fallecimiento-de-bulaich-a-quien-califico-como-un-hombre-bueno\/","title":{"rendered":"ROBERTO PAPPONETTI ADMITI\u00d3 QUE \u201cNOS GOLPE\u00d3 BASTANTE LA NOTICIA\u201d DEL FALLECIMIENTO DE BULAICH A QUIEN CALIFIC\u00d3 COMO UN HOMBRE \u201cBUENO\u201d"},"content":{"rendered":"\n<p>Roberto\nPapponetti, pre candidato a concejal en primer t\u00e9rmino por el Partido del\nDi\u00e1logo, analiz\u00f3 la noticia del fallecimiento de Mario Bulaich, quien ocupaba\nel tercer lugar en la n\u00f3mina.<\/p>\n\n\n\n<p>\u201cSe hace\ndif\u00edcil hablar porque nos golpe\u00f3 bastante la noticia\u201d dijo Papponetti tras la\nmuerte de Bulaich, de 74 a\u00f1os, que se produjo ayer.<\/p>\n\n\n\n<p>\u201cUn hombre\nbueno\u201d. As\u00ed prefiri\u00f3 calificarlo a Bulaich, como para englobar las virtudes que\ndespleg\u00f3 a lo largo de su vida en los diferentes \u00e1mbitos en los que se desempe\u00f1\u00f3<\/p>\n\n\n\n<p>Papponetti\nexpres\u00f3 c\u00f3mo marcha la campa\u00f1a electoral que retomar\u00e1n hoy tras la suspensi\u00f3n\nde actividades de ayer por el deceso de Bulaich<\/p>\n","protected":false},"excerpt":{"rendered":"<p>Roberto Papponetti, pre candidato a concejal en primer t\u00e9rmino por el Partido del Di\u00e1logo, analiz\u00f3 la noticia del fallecimiento de Mario Bulaich, quien ocupaba el tercer lugar en la n\u00f3mina. \u201cSe hace dif\u00edcil hablar porque nos golpe\u00f3 bastante la noticia\u201d dijo Papponetti tras la muerte de Bulaich, de 74 a\u00f1os, que se produjo ayer. \u201cUn [&hellip;]<\/p>\n","protected":false},"author":4,"featured_media":3561,"comment_status":"open","ping_status":"open","sticky":false,"template":"","format":"standard","meta":{"spay_email":"","jetpack_publicize_message":""},"categories":[17,11],"tags":[],"jetpack_featured_media_url":"https:\/\/vdl-dev.coodesoft.com.ar\/wp-content\/uploads\/2021\/08\/WhatsApp-Image-2021-08-26-at-12.44.05-PM.jpeg","jetpack_publicize_connections":[],"jetpack_sharing_enabled":true,"jetpack_shortlink":"https:\/\/wp.me\/paQJuC-Vq","_links":{"self":[{"href":"https:\/\/vdl-dev.coodesoft.com.ar\/index.php\/wp-json\/wp\/v2\/posts\/3560"}],"collection":[{"href":"https:\/\/vdl-dev.coodesoft.com.ar\/index.php\/wp-json\/wp\/v2\/posts"}],"about":[{"href":"https:\/\/vdl-dev.coodesoft.com.ar\/index.php\/wp-json\/wp\/v2\/types\/post"}],"author":[{"embeddable":true,"href":"https:\/\/vdl-dev.coodesoft.com.ar\/index.php\/wp-json\/wp\/v2\/users\/4"}],"replies":[{"embeddable":true,"href":"https:\/\/vdl-dev.coodesoft.com.ar\/index.php\/wp-json\/wp\/v2\/comments?post=3560"}],"version-history":[{"count":1,"href":"https:\/\/vdl-dev.coodesoft.com.ar\/index.php\/wp-json\/wp\/v2\/posts\/3560\/revisions"}],"predecessor-version":[{"id":3562,"href":"https:\/\/vdl-dev.coodesoft.com.ar\/index.php\/wp-json\/wp\/v2\/posts\/3560\/revisions\/3562"}],"wp:featuredmedia":[{"embeddable":true,"href":"https:\/\/vdl-dev.coodesoft.com.ar\/index.php\/wp-json\/wp\/v2\/media\/3561"}],"wp:attachment":[{"href":"https:\/\/vdl-dev.coodesoft.com.ar\/index.php\/wp-json\/wp\/v2\/media?parent=3560"}],"wp:term":[{"taxonomy":"category","embeddable":true,"href":"https:\/\/vdl-dev.coodesoft.com.ar\/index.php\/wp-json\/wp\/v2\/categories?post=3560"},{"taxonomy":"post_tag","embeddable":true,"href":"https:\/\/vdl-dev.coodesoft.com.ar\/index.php\/wp-json\/wp\/v2\/tags?post=3560"}],"curies":[{"name":"wp","href":"https:\/\/api.w.org\/{rel}","templated":true}]}}