{"id":3577,"date":"2021-08-27T16:22:41","date_gmt":"2021-08-27T19:22:41","guid":{"rendered":"http:\/\/vocesdellangueyu.com.ar\/?p=3577"},"modified":"2021-08-27T16:22:44","modified_gmt":"2021-08-27T19:22:44","slug":"estamos-con-muchisimas-expectativas-dijo-el-intendente-suescun-en-una-actividad-de-campana","status":"publish","type":"post","link":"https:\/\/vdl-dev.coodesoft.com.ar\/index.php\/2021\/08\/27\/estamos-con-muchisimas-expectativas-dijo-el-intendente-suescun-en-una-actividad-de-campana\/","title":{"rendered":"ESTAMOS CON MUCH\u00cdSIMAS EXPECTATIVAS\u201d DIJO EL INTENDENTE SUESCUN EN UNA ACTIVIDAD DE CAMPA\u00d1A"},"content":{"rendered":"\n<p>El Intendente Municipal Maximiliano Suescun realiz\u00f3\nuna actividad de campa\u00f1a electoral ayer por la ma\u00f1ana al encabezar una\nconferencia de prensa que brindaron referentes de la zona del radicalismo en la\nsede partidaria, donde se\u00f1al\u00f3 que \u201cestamos con much\u00edsimas expectativas\u201d y se manifest\u00f3\nentusiasmado con \u201clograr un radicalismo protagonista\u201d en un momento \u201cque&nbsp; nuestro pa\u00eds lo necesita\u201d.<\/p>\n\n\n\n<p>La \u201cposibilidad de ser competitivos nos llena de\nalegr\u00eda\u201d a\u00f1adi\u00f3.<\/p>\n\n\n\n<p>&nbsp;Fue en la\npresentaci\u00f3n que hizo de la conferencia de prensa que ofrecieron hoy Pablo\nZubiaurre, ex Intendente de Ayacucho y pre candidato a Diputado Nacional en 13\u00ba\nt\u00e9rmino por \u201cdar el Paso\u201d, la vertiente liderada por la UCR dentro del Frente\nJuntos en las elecciones primarias del 12 de septiembre, y Alejandra Lorden,\nDiputada Provincial y integrante de la conducci\u00f3n del radicalismo a nivel\nnacional.<\/p>\n\n\n\n<p>Alejandra Lorden, Diputada Provincial detall\u00f3 alcances\nde lo que recorri\u00f3 en Rauch, resalt\u00f3 las administraciones del radicalismo y\ncuestion\u00f3 el manejo de la pandemia por parte del Gobierno Nacional<\/p>\n\n\n\n<p>\u201cMe&nbsp; llena de\norgullo la gesti\u00f3n de las intendencias radicales y esta no es una m\u00e1s, es una\nimportante, acabamos de venir del hospital, hospital donde se invierte una\nparte importante del presupuesto municipal y adem\u00e1s de un mont\u00f3n de obras que se\nvienen haciendo\u201d.<\/p>\n\n\n\n<p>\u201cLa salud y la educaci\u00f3n son dos pilares fundamentales\npara el progreso del pa\u00eds, lo que va a dejar como consecuencia tanto la\npandemia como las escuelas cerradas va a ser una cat\u00e1strofe educativa y\nsanitaria\u201d.<\/p>\n\n\n\n<p>Lorden dijo que \u201csiempre se hace autocr\u00edtica\u201d al ser\nconsultada sobre si la situaci\u00f3n econ\u00f3mica y sanitaria del pa\u00eds no tiene\ntambi\u00e9n relaci\u00f3n con las consecuencias que dej\u00f3 la administraci\u00f3n anterior, de\nla que la UCR fue parte.<\/p>\n","protected":false},"excerpt":{"rendered":"<p>El Intendente Municipal Maximiliano Suescun realiz\u00f3 una actividad de campa\u00f1a electoral ayer por la ma\u00f1ana al encabezar una conferencia de prensa que brindaron referentes de la zona del radicalismo en la sede partidaria, donde se\u00f1al\u00f3 que \u201cestamos con much\u00edsimas expectativas\u201d y se manifest\u00f3 entusiasmado con \u201clograr un radicalismo protagonista\u201d en un momento \u201cque&nbsp; nuestro pa\u00eds [&hellip;]<\/p>\n","protected":false},"author":4,"featured_media":3578,"comment_status":"open","ping_status":"open","sticky":false,"template":"","format":"standard","meta":{"spay_email":"","jetpack_publicize_message":""},"categories":[17,11],"tags":[],"jetpack_featured_media_url":"https:\/\/vdl-dev.coodesoft.com.ar\/wp-content\/uploads\/2021\/08\/WhatsApp-Image-2021-08-26-at-1.01.01-PM.jpeg","jetpack_publicize_connections":[],"jetpack_sharing_enabled":true,"jetpack_shortlink":"https:\/\/wp.me\/paQJuC-VH","_links":{"self":[{"href":"https:\/\/vdl-dev.coodesoft.com.ar\/index.php\/wp-json\/wp\/v2\/posts\/3577"}],"collection":[{"href":"https:\/\/vdl-dev.coodesoft.com.ar\/index.php\/wp-json\/wp\/v2\/posts"}],"about":[{"href":"https:\/\/vdl-dev.coodesoft.com.ar\/index.php\/wp-json\/wp\/v2\/types\/post"}],"author":[{"embeddable":true,"href":"https:\/\/vdl-dev.coodesoft.com.ar\/index.php\/wp-json\/wp\/v2\/users\/4"}],"replies":[{"embeddable":true,"href":"https:\/\/vdl-dev.coodesoft.com.ar\/index.php\/wp-json\/wp\/v2\/comments?post=3577"}],"version-history":[{"count":1,"href":"https:\/\/vdl-dev.coodesoft.com.ar\/index.php\/wp-json\/wp\/v2\/posts\/3577\/revisions"}],"predecessor-version":[{"id":3579,"href":"https:\/\/vdl-dev.coodesoft.com.ar\/index.php\/wp-json\/wp\/v2\/posts\/3577\/revisions\/3579"}],"wp:featuredmedia":[{"embeddable":true,"href":"https:\/\/vdl-dev.coodesoft.com.ar\/index.php\/wp-json\/wp\/v2\/media\/3578"}],"wp:attachment":[{"href":"https:\/\/vdl-dev.coodesoft.com.ar\/index.php\/wp-json\/wp\/v2\/media?parent=3577"}],"wp:term":[{"taxonomy":"category","embeddable":true,"href":"https:\/\/vdl-dev.coodesoft.com.ar\/index.php\/wp-json\/wp\/v2\/categories?post=3577"},{"taxonomy":"post_tag","embeddable":true,"href":"https:\/\/vdl-dev.coodesoft.com.ar\/index.php\/wp-json\/wp\/v2\/tags?post=3577"}],"curies":[{"name":"wp","href":"https:\/\/api.w.org\/{rel}","templated":true}]}}