{"id":3594,"date":"2021-08-31T14:37:04","date_gmt":"2021-08-31T17:37:04","guid":{"rendered":"http:\/\/vocesdellangueyu.com.ar\/?p=3594"},"modified":"2021-08-31T14:37:08","modified_gmt":"2021-08-31T17:37:08","slug":"en-la-ucr-proponen-un-modelo-de-desarrollo-para-generar-oportunidades","status":"publish","type":"post","link":"https:\/\/vdl-dev.coodesoft.com.ar\/index.php\/2021\/08\/31\/en-la-ucr-proponen-un-modelo-de-desarrollo-para-generar-oportunidades\/","title":{"rendered":"EN LA UCR PROPONEN \u201cUN MODELO DE DESARROLLO PARA GENERAR OPORTUNIDADES\u201d"},"content":{"rendered":"\n<p><\/p>\n\n\n\n<p>Carolina\nLusarreta, pre candidata a concejal en segundo t\u00e9rmino por la UCR con miras a\nlas elecciones legislativas de este a\u00f1o adelant\u00f3 que la propuesta central pasa\npor generar un modelo de desarrollo espec\u00edfico para Rauch con lo que se intenta\n\u201cgenerar oportunidades&nbsp; para las personas\nque habitamos esta ciudad&#8230; que depende b\u00e1sicamente su actividad del sector\nagropecuario\u201d.<\/p>\n\n\n\n<p>Es un\nproyecto \u201cpensado para Rauch y creado por Rauch. Esto de proyectos o modelos\nimpuestos no tienen resultado\u201d\u2026 \u201cpensar en lo que tenemos, pensar a d\u00f3nde\nqueremos llegar\u2026\u201d<\/p>\n\n\n\n<p>Enumer\u00f3 como\nhechos concretos para ese plan, potenciar el Sector Industrial Planificado, y\nla reapertura del ex Matadero Municipal como objetivos primordiales.<\/p>\n\n\n\n<p>\u201cEstamos muy\ncontentos, muy motivados, con muchas ganas de seguir visitando a los vecinos y\nseguir cont\u00e1ndoles los que les proponemos \u2026 Mejorar lo que haga falta\u2026 hay un muy\nbuen clima en el recibimiento de los vecinos en general\u201d.<\/p>\n\n\n\n<p>Lusarreta se\nquej\u00f3 de la presi\u00f3n impositiva que realizan los gobiernos Nacional y Provincial\nporque impide el progreso de la actividad privada, pero justific\u00f3 las nuevas\ncontribuciones especiales que el Municipio cobra a los contribuyentes,\n\u201cproponemos que en base a esas cargas seguir generando oportunidades\u201d.<\/p>\n\n\n\n<p>Lusarreta,\nas\u00ed como varios pre candidatos del oficialismo que tambi\u00e9n ocupan cargos en el\nEjecutivo local, y est\u00e1n desarrollando la campa\u00f1a electoral de manera\nsimult\u00e1nea.<\/p>\n\n\n\n<p>Consultada\nsobre la conveniencia o no de tal actitud, adelant\u00f3 que la semana pr\u00f3xima\ntomar\u00e1 licencia en sus funciones a cargo de la Direcci\u00f3n de Educaci\u00f3n del\nMunicipio, \u201cpara hacer las cosas m\u00e1s justas posibles la pr\u00f3xima semana voy a\nestar tomando la licencia correspondiente, no lo hemos hablado pero entiendo\nque la mayor\u00eda as\u00ed lo har\u00e1\u201d.<\/p>\n\n\n\n<p>Sobre el\nfinal se refiri\u00f3 a las expectativas de \u201cpoder tener una muy buena elecci\u00f3n\u201d en\nlas legislativas de este a\u00f1o y \u201clograr el resultado que queremos\u201d.<\/p>\n\n\n\n<p>Basa ese\nan\u00e1lisis en la recepci\u00f3n que percibe en la sociedad por la \u201cla gesti\u00f3n que se\nha hecho en la ciudad\u201d desde 2015.<\/p>\n","protected":false},"excerpt":{"rendered":"<p>Carolina Lusarreta, pre candidata a concejal en segundo t\u00e9rmino por la UCR con miras a las elecciones legislativas de este a\u00f1o adelant\u00f3 que la propuesta central pasa por generar un modelo de desarrollo espec\u00edfico para Rauch con lo que se intenta \u201cgenerar oportunidades&nbsp; para las personas que habitamos esta ciudad&#8230; que depende b\u00e1sicamente su actividad [&hellip;]<\/p>\n","protected":false},"author":4,"featured_media":3595,"comment_status":"open","ping_status":"open","sticky":false,"template":"","format":"standard","meta":{"spay_email":"","jetpack_publicize_message":""},"categories":[17,11],"tags":[],"jetpack_featured_media_url":"https:\/\/vdl-dev.coodesoft.com.ar\/wp-content\/uploads\/2021\/08\/carolina-campa\u00f1a.jpeg","jetpack_publicize_connections":[],"jetpack_sharing_enabled":true,"jetpack_shortlink":"https:\/\/wp.me\/paQJuC-VY","_links":{"self":[{"href":"https:\/\/vdl-dev.coodesoft.com.ar\/index.php\/wp-json\/wp\/v2\/posts\/3594"}],"collection":[{"href":"https:\/\/vdl-dev.coodesoft.com.ar\/index.php\/wp-json\/wp\/v2\/posts"}],"about":[{"href":"https:\/\/vdl-dev.coodesoft.com.ar\/index.php\/wp-json\/wp\/v2\/types\/post"}],"author":[{"embeddable":true,"href":"https:\/\/vdl-dev.coodesoft.com.ar\/index.php\/wp-json\/wp\/v2\/users\/4"}],"replies":[{"embeddable":true,"href":"https:\/\/vdl-dev.coodesoft.com.ar\/index.php\/wp-json\/wp\/v2\/comments?post=3594"}],"version-history":[{"count":1,"href":"https:\/\/vdl-dev.coodesoft.com.ar\/index.php\/wp-json\/wp\/v2\/posts\/3594\/revisions"}],"predecessor-version":[{"id":3596,"href":"https:\/\/vdl-dev.coodesoft.com.ar\/index.php\/wp-json\/wp\/v2\/posts\/3594\/revisions\/3596"}],"wp:featuredmedia":[{"embeddable":true,"href":"https:\/\/vdl-dev.coodesoft.com.ar\/index.php\/wp-json\/wp\/v2\/media\/3595"}],"wp:attachment":[{"href":"https:\/\/vdl-dev.coodesoft.com.ar\/index.php\/wp-json\/wp\/v2\/media?parent=3594"}],"wp:term":[{"taxonomy":"category","embeddable":true,"href":"https:\/\/vdl-dev.coodesoft.com.ar\/index.php\/wp-json\/wp\/v2\/categories?post=3594"},{"taxonomy":"post_tag","embeddable":true,"href":"https:\/\/vdl-dev.coodesoft.com.ar\/index.php\/wp-json\/wp\/v2\/tags?post=3594"}],"curies":[{"name":"wp","href":"https:\/\/api.w.org\/{rel}","templated":true}]}}