{"id":3598,"date":"2021-08-31T14:37:48","date_gmt":"2021-08-31T17:37:48","guid":{"rendered":"http:\/\/vocesdellangueyu.com.ar\/?p=3598"},"modified":"2021-08-31T14:37:52","modified_gmt":"2021-08-31T17:37:52","slug":"daniel-marin-pre-candidato-a-concejal-del-frente-de-todos-senalo-que-estamos-en-condiciones-de-ganar-las-elecciones-y-que-estan-a-la-altura-de-asumir-ese-desafio","status":"publish","type":"post","link":"https:\/\/vdl-dev.coodesoft.com.ar\/index.php\/2021\/08\/31\/daniel-marin-pre-candidato-a-concejal-del-frente-de-todos-senalo-que-estamos-en-condiciones-de-ganar-las-elecciones-y-que-estan-a-la-altura-de-asumir-ese-desafio\/","title":{"rendered":"DANIEL MAR\u00cdN, PRE CANDIDATO A CONCEJAL DEL FRENTE DE TODOS, SE\u00d1AL\u00d3 QUE \u201cESTAMOS EN CONDICIONES DE GANAR LAS ELECCIONES\u201d Y QUE EST\u00c1N \u201cA LA ALTURA DE ASUMIR ESE DESAF\u00cdO\u201d"},"content":{"rendered":"\n<p>El pre\ncandidato a concejal en cuarto t\u00e9rmino por el Frente de Todos Daniel Mar\u00edn\nexpres\u00f3 que \u201ctenemos muchas expectativas puestas en esta elecci\u00f3n\u201d porque \u201cla\nrecepci\u00f3n de la gente es muy buena\u201d.<\/p>\n\n\n\n<p>\u201cEstamos en\ncondiciones de ganar las elecciones, sobre todo por las respuestas que venimos\nteniendo en cada puerta que tocamos, en cada vecino que cruzamos en la calle.\nEstamos en condiciones, estamos a la altura de asumir ese desaf\u00edo, que nos va a\ndemandar seguir caminando y profundizando el laburo que ya ven\u00edamos haciendo\u201d\nagreg\u00f3.<\/p>\n\n\n\n<p>El dirigente\nsostuvo que las recorridas que se hacen \u201cforman parte de un trabajo que venimos\nse viene haciendo desde hace mucho tiempo. No venimos a tocar las puertas\ndespu\u00e9s de dos a\u00f1os\u2026 estamos en un momento de mucha esperanza\u2026 se necesita un\ncambio en un mont\u00f3n de las herramientas del Estado, mayor pluralidad de voces,\nun Consejo Escolar que est\u00e9 discutiendo cerca de las instituciones educativas\u201d.<\/p>\n\n\n\n<p>Que \u201cel\nconcejo deliberante est\u00e9 discutiendo las necesidades que tiene nuestro pueblo\u2026\ntiene que estar cerca de las problem\u00e1ticas de la sociedad\u201d puntualiz\u00f3.<\/p>\n\n\n\n<p>Mar\u00edn\ndescribi\u00f3 que su incorporaci\u00f3n en la lista de pre candidatos del Frente de\nTodos responde a una \u201cpropuesta colectiva m\u00e1s que individual\u201d por representar\nlos intereses de la Cooperativa Mayo, de la que forma parte.<\/p>\n\n\n\n<p>\u201cNos\nreconocemos en el Frente de Todos, no reconocemos en un proyecto que venimos\ntrabajando hace mucho tiempo, en un frente de unidad\u201d.<\/p>\n\n\n\n<p>Mar\u00edn\nenumer\u00f3 cuales son a su criterio las principales necesidades a las que deber\u00eda\nabocarse el Gobierno Municipal y el Concejo Deliberante: generar mayor trabajo,\ny profundizar respuestas para atender las emergencias laboral, habitacional,\nsanitaria y alimentaria.<\/p>\n\n\n\n<p>Tambi\u00e9n\nrealiz\u00f3 cr\u00edticas a las pol\u00edticas p\u00fablicas aplicadas por el Gobierno Municipal\nporque \u201cno ha construido una agenda destinada a la juventud\u2026 sino que se ha\nconstruido un discurso orientado hacia el disciplinamiento\u2026\u201d<\/p>\n","protected":false},"excerpt":{"rendered":"<p>El pre candidato a concejal en cuarto t\u00e9rmino por el Frente de Todos Daniel Mar\u00edn expres\u00f3 que \u201ctenemos muchas expectativas puestas en esta elecci\u00f3n\u201d porque \u201cla recepci\u00f3n de la gente es muy buena\u201d. \u201cEstamos en condiciones de ganar las elecciones, sobre todo por las respuestas que venimos teniendo en cada puerta que tocamos, en cada [&hellip;]<\/p>\n","protected":false},"author":4,"featured_media":3599,"comment_status":"open","ping_status":"open","sticky":false,"template":"","format":"standard","meta":{"spay_email":"","jetpack_publicize_message":""},"categories":[17,11],"tags":[],"jetpack_featured_media_url":"https:\/\/vdl-dev.coodesoft.com.ar\/wp-content\/uploads\/2021\/08\/daniel-marin.jpeg","jetpack_publicize_connections":[],"jetpack_sharing_enabled":true,"jetpack_shortlink":"https:\/\/wp.me\/paQJuC-W2","_links":{"self":[{"href":"https:\/\/vdl-dev.coodesoft.com.ar\/index.php\/wp-json\/wp\/v2\/posts\/3598"}],"collection":[{"href":"https:\/\/vdl-dev.coodesoft.com.ar\/index.php\/wp-json\/wp\/v2\/posts"}],"about":[{"href":"https:\/\/vdl-dev.coodesoft.com.ar\/index.php\/wp-json\/wp\/v2\/types\/post"}],"author":[{"embeddable":true,"href":"https:\/\/vdl-dev.coodesoft.com.ar\/index.php\/wp-json\/wp\/v2\/users\/4"}],"replies":[{"embeddable":true,"href":"https:\/\/vdl-dev.coodesoft.com.ar\/index.php\/wp-json\/wp\/v2\/comments?post=3598"}],"version-history":[{"count":1,"href":"https:\/\/vdl-dev.coodesoft.com.ar\/index.php\/wp-json\/wp\/v2\/posts\/3598\/revisions"}],"predecessor-version":[{"id":3600,"href":"https:\/\/vdl-dev.coodesoft.com.ar\/index.php\/wp-json\/wp\/v2\/posts\/3598\/revisions\/3600"}],"wp:featuredmedia":[{"embeddable":true,"href":"https:\/\/vdl-dev.coodesoft.com.ar\/index.php\/wp-json\/wp\/v2\/media\/3599"}],"wp:attachment":[{"href":"https:\/\/vdl-dev.coodesoft.com.ar\/index.php\/wp-json\/wp\/v2\/media?parent=3598"}],"wp:term":[{"taxonomy":"category","embeddable":true,"href":"https:\/\/vdl-dev.coodesoft.com.ar\/index.php\/wp-json\/wp\/v2\/categories?post=3598"},{"taxonomy":"post_tag","embeddable":true,"href":"https:\/\/vdl-dev.coodesoft.com.ar\/index.php\/wp-json\/wp\/v2\/tags?post=3598"}],"curies":[{"name":"wp","href":"https:\/\/api.w.org\/{rel}","templated":true}]}}