{"id":3610,"date":"2021-09-01T14:49:19","date_gmt":"2021-09-01T17:49:19","guid":{"rendered":"http:\/\/vocesdellangueyu.com.ar\/?p=3610"},"modified":"2021-09-01T14:49:22","modified_gmt":"2021-09-01T17:49:22","slug":"el-bloque-de-concejales-del-frente-de-todos-presento-un-proyecto-para-que-se-coloquen-postes-de-contencion-en-esquinas-de-la-ciudad","status":"publish","type":"post","link":"https:\/\/vdl-dev.coodesoft.com.ar\/index.php\/2021\/09\/01\/el-bloque-de-concejales-del-frente-de-todos-presento-un-proyecto-para-que-se-coloquen-postes-de-contencion-en-esquinas-de-la-ciudad\/","title":{"rendered":"EL BLOQUE DE CONCEJALES DEL FRENTE DE TODOS PRESENT\u00d3 UN PROYECTO PARA QUE SE COLOQUEN POSTES DE CONTENCI\u00d3N EN ESQUINAS DE LA CIUDAD"},"content":{"rendered":"\n<p>El bloque de concejales del Frente de Todos present\u00f3 un proyecto para\nque se coloquen postes de contenci\u00f3n en cuatro esquinas de la ciudad para\nevitar que veh\u00edculos que protagonicen accidentes viales se suban a las veredas.<\/p>\n\n\n\n<p>El proyecto surgi\u00f3 por un pedido puntual de vecinos de la esquina de\nBrandsen y Pellegrini, pero se extendi\u00f3 a otras tres ochavas tras una reuni\u00f3n\nque los concejales del bloque del Frente de Todos mantuvieron con miembros de\nla Direcci\u00f3n de Control y Seguridad Vial del Municipio.<\/p>\n\n\n\n<p>As\u00ed explic\u00f3 los detalles el concejal Diego Grieco \u201cnos lleg\u00f3 al bloque\nuna nota con la firma de varios vecinos de la zona de calle&nbsp; Brandsen y Pellegrini que da cuenta de un\naccidente de tr\u00e1nsito y como consecuencia uno de la veh\u00edculos se incrust\u00f3 en el\npared\u00f3n de una domicilio, no hizo pensar sobre el potencial riesgo de este tipo\nde accidentes para las viviendas y los transe\u00fantes\u201d.<\/p>\n\n\n\n<p>\u201cEn una reuni\u00f3n con la Direcci\u00f3n de Tr\u00e1nsito pudimos dar cuenta de la\npeligrosidad potencial de ciertas equinas\u201d. <\/p>\n\n\n\n<p>Grieco tambi\u00e9n se refiri\u00f3 a un pedido que se le hace al Ejecutivo\nlocal para que concrete la obra de extensi\u00f3n de la red cloacal para los vecinos\nde la calle 30, ubicada en forma paralela a la Avenida General Paz, detr\u00e1s del\narroyo Pantanoso, entre las avenidas Matheu y Belgrano.<\/p>\n\n\n\n<p>\u201cIngreso una nota a nuestro bloque de concejales que lleva la firma de\nalrededor de 30 vecinos y vecinas que viven en la calle 30 detr\u00e1s del arroyo\nPantanoso sienten que han quedado postergados luego de varios reclamos, la le\u00edmos\ncon nuestros compa\u00f1eros y compa\u00f1eras y acordamos poder en un proyecto de comunicaci\u00f3n\npara dar respuesta a esos vecinos\u201d.<\/p>\n","protected":false},"excerpt":{"rendered":"<p>El bloque de concejales del Frente de Todos present\u00f3 un proyecto para que se coloquen postes de contenci\u00f3n en cuatro esquinas de la ciudad para evitar que veh\u00edculos que protagonicen accidentes viales se suban a las veredas. El proyecto surgi\u00f3 por un pedido puntual de vecinos de la esquina de Brandsen y Pellegrini, pero se [&hellip;]<\/p>\n","protected":false},"author":4,"featured_media":2915,"comment_status":"open","ping_status":"open","sticky":false,"template":"","format":"standard","meta":{"spay_email":"","jetpack_publicize_message":""},"categories":[17,13],"tags":[],"jetpack_featured_media_url":"https:\/\/vdl-dev.coodesoft.com.ar\/wp-content\/uploads\/2021\/06\/grieco-vacunas.jpeg","jetpack_publicize_connections":[],"jetpack_sharing_enabled":true,"jetpack_shortlink":"https:\/\/wp.me\/paQJuC-We","_links":{"self":[{"href":"https:\/\/vdl-dev.coodesoft.com.ar\/index.php\/wp-json\/wp\/v2\/posts\/3610"}],"collection":[{"href":"https:\/\/vdl-dev.coodesoft.com.ar\/index.php\/wp-json\/wp\/v2\/posts"}],"about":[{"href":"https:\/\/vdl-dev.coodesoft.com.ar\/index.php\/wp-json\/wp\/v2\/types\/post"}],"author":[{"embeddable":true,"href":"https:\/\/vdl-dev.coodesoft.com.ar\/index.php\/wp-json\/wp\/v2\/users\/4"}],"replies":[{"embeddable":true,"href":"https:\/\/vdl-dev.coodesoft.com.ar\/index.php\/wp-json\/wp\/v2\/comments?post=3610"}],"version-history":[{"count":1,"href":"https:\/\/vdl-dev.coodesoft.com.ar\/index.php\/wp-json\/wp\/v2\/posts\/3610\/revisions"}],"predecessor-version":[{"id":3611,"href":"https:\/\/vdl-dev.coodesoft.com.ar\/index.php\/wp-json\/wp\/v2\/posts\/3610\/revisions\/3611"}],"wp:featuredmedia":[{"embeddable":true,"href":"https:\/\/vdl-dev.coodesoft.com.ar\/index.php\/wp-json\/wp\/v2\/media\/2915"}],"wp:attachment":[{"href":"https:\/\/vdl-dev.coodesoft.com.ar\/index.php\/wp-json\/wp\/v2\/media?parent=3610"}],"wp:term":[{"taxonomy":"category","embeddable":true,"href":"https:\/\/vdl-dev.coodesoft.com.ar\/index.php\/wp-json\/wp\/v2\/categories?post=3610"},{"taxonomy":"post_tag","embeddable":true,"href":"https:\/\/vdl-dev.coodesoft.com.ar\/index.php\/wp-json\/wp\/v2\/tags?post=3610"}],"curies":[{"name":"wp","href":"https:\/\/api.w.org\/{rel}","templated":true}]}}