{"id":3631,"date":"2021-09-03T14:44:42","date_gmt":"2021-09-03T17:44:42","guid":{"rendered":"http:\/\/vocesdellangueyu.com.ar\/?p=3631"},"modified":"2021-09-03T14:44:46","modified_gmt":"2021-09-03T17:44:46","slug":"la-comision-de-apoyo-a-la-cultura-renovara-autoridades","status":"publish","type":"post","link":"https:\/\/vdl-dev.coodesoft.com.ar\/index.php\/2021\/09\/03\/la-comision-de-apoyo-a-la-cultura-renovara-autoridades\/","title":{"rendered":"LA COMISI\u00d3N DE APOYO A LA CULTURA RENOVAR\u00c1 AUTORIDADES"},"content":{"rendered":"\n<p><\/p>\n\n\n\n<p>El pr\u00f3ximo\nmartes 7 de septiembre se realizar\u00e1 la asamblea para renovar autoridades de la\nComisi\u00f3n de Apoyo a la Cultura.<\/p>\n\n\n\n<p>El organismo\nes el encargado de evaluar los subsidios que el Municipio otorga a\ninstituciones o personas que se dedican a la actividad cultural.<\/p>\n\n\n\n<p>Esta ma\u00f1ana\nla titular de la Direcci\u00f3n de Cultura Noelia Garc\u00eda dijo que podr\u00e1n participar\nquienes tengan alg\u00fan v\u00ednculo con la actividad y que \u201cmuchos de ellos\u201d ya&nbsp; han recibido la invitaci\u00f3n correspondiente.<\/p>\n\n\n\n<p>El encuentro\nse va a llevar a cabo en el Museo Municipal de Artes Pl\u00e1sticas desde las 19\nhoras<\/p>\n\n\n\n<p>Noelia\nGarc\u00eda, Directora de Cultura del Municipio \u201cLa idea es que participe la mayor\ncantidad de gente, se va a elegir por cada una de las disciplinas un\nrepresentante, son aproximadamente 7 disciplinas \u201c.<\/p>\n","protected":false},"excerpt":{"rendered":"<p>El pr\u00f3ximo martes 7 de septiembre se realizar\u00e1 la asamblea para renovar autoridades de la Comisi\u00f3n de Apoyo a la Cultura. El organismo es el encargado de evaluar los subsidios que el Municipio otorga a instituciones o personas que se dedican a la actividad cultural. Esta ma\u00f1ana la titular de la Direcci\u00f3n de Cultura Noelia [&hellip;]<\/p>\n","protected":false},"author":4,"featured_media":3632,"comment_status":"open","ping_status":"open","sticky":false,"template":"","format":"standard","meta":{"spay_email":"","jetpack_publicize_message":""},"categories":[17,11],"tags":[],"jetpack_featured_media_url":"https:\/\/vdl-dev.coodesoft.com.ar\/wp-content\/uploads\/2021\/09\/garciooa-noelia.jpeg","jetpack_publicize_connections":[],"jetpack_sharing_enabled":true,"jetpack_shortlink":"https:\/\/wp.me\/paQJuC-Wz","_links":{"self":[{"href":"https:\/\/vdl-dev.coodesoft.com.ar\/index.php\/wp-json\/wp\/v2\/posts\/3631"}],"collection":[{"href":"https:\/\/vdl-dev.coodesoft.com.ar\/index.php\/wp-json\/wp\/v2\/posts"}],"about":[{"href":"https:\/\/vdl-dev.coodesoft.com.ar\/index.php\/wp-json\/wp\/v2\/types\/post"}],"author":[{"embeddable":true,"href":"https:\/\/vdl-dev.coodesoft.com.ar\/index.php\/wp-json\/wp\/v2\/users\/4"}],"replies":[{"embeddable":true,"href":"https:\/\/vdl-dev.coodesoft.com.ar\/index.php\/wp-json\/wp\/v2\/comments?post=3631"}],"version-history":[{"count":1,"href":"https:\/\/vdl-dev.coodesoft.com.ar\/index.php\/wp-json\/wp\/v2\/posts\/3631\/revisions"}],"predecessor-version":[{"id":3633,"href":"https:\/\/vdl-dev.coodesoft.com.ar\/index.php\/wp-json\/wp\/v2\/posts\/3631\/revisions\/3633"}],"wp:featuredmedia":[{"embeddable":true,"href":"https:\/\/vdl-dev.coodesoft.com.ar\/index.php\/wp-json\/wp\/v2\/media\/3632"}],"wp:attachment":[{"href":"https:\/\/vdl-dev.coodesoft.com.ar\/index.php\/wp-json\/wp\/v2\/media?parent=3631"}],"wp:term":[{"taxonomy":"category","embeddable":true,"href":"https:\/\/vdl-dev.coodesoft.com.ar\/index.php\/wp-json\/wp\/v2\/categories?post=3631"},{"taxonomy":"post_tag","embeddable":true,"href":"https:\/\/vdl-dev.coodesoft.com.ar\/index.php\/wp-json\/wp\/v2\/tags?post=3631"}],"curies":[{"name":"wp","href":"https:\/\/api.w.org\/{rel}","templated":true}]}}