{"id":3642,"date":"2021-09-06T14:48:03","date_gmt":"2021-09-06T17:48:03","guid":{"rendered":"http:\/\/vocesdellangueyu.com.ar\/?p=3642"},"modified":"2021-09-06T14:48:07","modified_gmt":"2021-09-06T17:48:07","slug":"se-puso-en-practica-desde-hoy-la-presencialidad-plena-en-todos-los-establecimientos-educativos","status":"publish","type":"post","link":"https:\/\/vdl-dev.coodesoft.com.ar\/index.php\/2021\/09\/06\/se-puso-en-practica-desde-hoy-la-presencialidad-plena-en-todos-los-establecimientos-educativos\/","title":{"rendered":"SE PUSO EN PR\u00c1CTICA DESDE HOY LA PRESENCIALIDAD PLENA EN TODOS LOS ESTABLECIMIENTOS EDUCATIVOS"},"content":{"rendered":"\n<p><\/p>\n\n\n\n<p>A partir de\nhoy se puso en pr\u00e1ctica la presencialidad plena en todos los establecimientos\neducativos de nuestra ciudad.<\/p>\n\n\n\n<p>El Gobierno\nProvincial implement\u00f3 la medida desde el 1 de septiembre pero pudieron ponerla\nen marcha inicialmente las escuelas de menor matr\u00edcula, mientras que las de\nmayor concurrencia de estudiantes requirieron m\u00e1s tiempo para adaptar los\nedificios a los nuevos protocolos.<\/p>\n\n\n\n<p>El\nSecretario Adjunto de la Uni\u00f3n de Educadores de Rauch (UDER) Emilio Aboy dijo\nesta ma\u00f1ana que es \u201cuna alegr\u00eda enorme de poder ver a sus compa\u00f1eros, que a\nmuchos no conocen\u201d especialmente los que han cambiado de nivel educativo.<\/p>\n\n\n\n<p>De todas\nformas aclar\u00f3 que \u201ctodo se va evaluando a corto plazo\u201d debido a que \u201chay que\nseguir con todo el cuidado porque esto no ha terminado\u201d.<\/p>\n\n\n\n<p>Desde la\nUDER tambi\u00e9n observan que ser\u00eda importante que vuelvan a funcionar los\ncomedores escolares \u201cel tema de los comedores es un tema importante a tener en\ncuenta, ojal\u00e1 esta pandemia nos permita ir adelantando en&nbsp;&nbsp; eso\u201d.<\/p>\n\n\n\n<p>El cambio\nsustancial en los protocolos de cuidados pas\u00f3 por el achicamiento del\ndistanciamiento dentro de las aulas, que pas\u00f3 de 1,5 metros a 90 cent\u00edmetros.<\/p>\n\n\n\n<p>El resto de\nlas indicaciones preventivas que contempla el Plan Jurisdiccional se mantienen\nsin modificaciones dijo Aboy, \u201clos ingresos siguen siendo escalonado y por\ngrupos, lo mismo la permanencia de los chicos con el barbijo y los elementos de\ncuidado, se sigue manteniendo todo igual\u201d.<\/p>\n","protected":false},"excerpt":{"rendered":"<p>A partir de hoy se puso en pr\u00e1ctica la presencialidad plena en todos los establecimientos educativos de nuestra ciudad. El Gobierno Provincial implement\u00f3 la medida desde el 1 de septiembre pero pudieron ponerla en marcha inicialmente las escuelas de menor matr\u00edcula, mientras que las de mayor concurrencia de estudiantes requirieron m\u00e1s tiempo para adaptar los [&hellip;]<\/p>\n","protected":false},"author":4,"featured_media":2933,"comment_status":"open","ping_status":"open","sticky":false,"template":"","format":"standard","meta":{"spay_email":"","jetpack_publicize_message":""},"categories":[17,11],"tags":[],"jetpack_featured_media_url":"https:\/\/vdl-dev.coodesoft.com.ar\/wp-content\/uploads\/2021\/06\/aboy-emilio.jpg","jetpack_publicize_connections":[],"jetpack_sharing_enabled":true,"jetpack_shortlink":"https:\/\/wp.me\/paQJuC-WK","_links":{"self":[{"href":"https:\/\/vdl-dev.coodesoft.com.ar\/index.php\/wp-json\/wp\/v2\/posts\/3642"}],"collection":[{"href":"https:\/\/vdl-dev.coodesoft.com.ar\/index.php\/wp-json\/wp\/v2\/posts"}],"about":[{"href":"https:\/\/vdl-dev.coodesoft.com.ar\/index.php\/wp-json\/wp\/v2\/types\/post"}],"author":[{"embeddable":true,"href":"https:\/\/vdl-dev.coodesoft.com.ar\/index.php\/wp-json\/wp\/v2\/users\/4"}],"replies":[{"embeddable":true,"href":"https:\/\/vdl-dev.coodesoft.com.ar\/index.php\/wp-json\/wp\/v2\/comments?post=3642"}],"version-history":[{"count":1,"href":"https:\/\/vdl-dev.coodesoft.com.ar\/index.php\/wp-json\/wp\/v2\/posts\/3642\/revisions"}],"predecessor-version":[{"id":3643,"href":"https:\/\/vdl-dev.coodesoft.com.ar\/index.php\/wp-json\/wp\/v2\/posts\/3642\/revisions\/3643"}],"wp:featuredmedia":[{"embeddable":true,"href":"https:\/\/vdl-dev.coodesoft.com.ar\/index.php\/wp-json\/wp\/v2\/media\/2933"}],"wp:attachment":[{"href":"https:\/\/vdl-dev.coodesoft.com.ar\/index.php\/wp-json\/wp\/v2\/media?parent=3642"}],"wp:term":[{"taxonomy":"category","embeddable":true,"href":"https:\/\/vdl-dev.coodesoft.com.ar\/index.php\/wp-json\/wp\/v2\/categories?post=3642"},{"taxonomy":"post_tag","embeddable":true,"href":"https:\/\/vdl-dev.coodesoft.com.ar\/index.php\/wp-json\/wp\/v2\/tags?post=3642"}],"curies":[{"name":"wp","href":"https:\/\/api.w.org\/{rel}","templated":true}]}}