{"id":3645,"date":"2021-09-06T14:50:14","date_gmt":"2021-09-06T17:50:14","guid":{"rendered":"http:\/\/vocesdellangueyu.com.ar\/?p=3645"},"modified":"2021-09-06T14:50:18","modified_gmt":"2021-09-06T17:50:18","slug":"en-el-partido-del-dialogo-estan-optimistas-y-positivos-dijo-cejas-y-le-pidio-a-la-gente-que-nos-de-la-oportunidad","status":"publish","type":"post","link":"https:\/\/vdl-dev.coodesoft.com.ar\/index.php\/2021\/09\/06\/en-el-partido-del-dialogo-estan-optimistas-y-positivos-dijo-cejas-y-le-pidio-a-la-gente-que-nos-de-la-oportunidad\/","title":{"rendered":"EN EL PARTIDO DEL DI\u00c1LOGO EST\u00c1N \u201cOPTIMISTAS Y POSITIVOS\u201d DIJO CEJAS, Y LE PIDI\u00d3 A LA GENTE QUE \u201cNOS D\u00c9 LA OPORTUNIDAD\u201d"},"content":{"rendered":"\n<p>En el tramo\nfinal de la campa\u00f1a electoral con miras a las elecciones legislativas Primarias\nde este domingo, los dirigentes del Partido del Di\u00e1logo, que tiene como primer\npre candidato a concejal a Roberto Papponetti y que competir\u00e1 con la UCR el\ndomingo, manifiestan optimismo en torno al resultado que esperan obtener.<\/p>\n\n\n\n<p>\u201cOptimistas\ny positivos\u201d as\u00ed grafic\u00f3 las sensaciones que tienen en la actualidad Valeria\nCejas pre candidata a concejal en segundo t\u00e9rmino y le pidi\u00f3 a la gente que \u201cnos\nd\u00e9 la oportunidad\u201d.<\/p>\n\n\n\n<p>\u201cHemos\nvenido trabajando muy bien\u201d dijo Cejas, que adelant\u00f3 que \u201cestamos escuchando\nlas propuestas de los vecinos\u201d y que est\u00e1n asumiendo \u201cel compromiso de seguir\nacompa\u00f1ando a la gente\u201d por encima del resultado de las elecciones.<\/p>\n\n\n\n<p>\u201cEstamos con\nel reparto de las boletas y tratar de llegar al total de la comunidad,\nescuchamos a los vecinos y&nbsp; nos estuvimos\npresentando, a Roberto lo conoce mucha gente por su trabajo social\u201d.<\/p>\n","protected":false},"excerpt":{"rendered":"<p>En el tramo final de la campa\u00f1a electoral con miras a las elecciones legislativas Primarias de este domingo, los dirigentes del Partido del Di\u00e1logo, que tiene como primer pre candidato a concejal a Roberto Papponetti y que competir\u00e1 con la UCR el domingo, manifiestan optimismo en torno al resultado que esperan obtener. \u201cOptimistas y positivos\u201d [&hellip;]<\/p>\n","protected":false},"author":4,"featured_media":3263,"comment_status":"open","ping_status":"open","sticky":false,"template":"","format":"standard","meta":{"spay_email":"","jetpack_publicize_message":""},"categories":[17,11],"tags":[],"jetpack_featured_media_url":"https:\/\/vdl-dev.coodesoft.com.ar\/wp-content\/uploads\/2021\/07\/valeria-cejas.jpeg","jetpack_publicize_connections":[],"jetpack_sharing_enabled":true,"jetpack_shortlink":"https:\/\/wp.me\/paQJuC-WN","_links":{"self":[{"href":"https:\/\/vdl-dev.coodesoft.com.ar\/index.php\/wp-json\/wp\/v2\/posts\/3645"}],"collection":[{"href":"https:\/\/vdl-dev.coodesoft.com.ar\/index.php\/wp-json\/wp\/v2\/posts"}],"about":[{"href":"https:\/\/vdl-dev.coodesoft.com.ar\/index.php\/wp-json\/wp\/v2\/types\/post"}],"author":[{"embeddable":true,"href":"https:\/\/vdl-dev.coodesoft.com.ar\/index.php\/wp-json\/wp\/v2\/users\/4"}],"replies":[{"embeddable":true,"href":"https:\/\/vdl-dev.coodesoft.com.ar\/index.php\/wp-json\/wp\/v2\/comments?post=3645"}],"version-history":[{"count":1,"href":"https:\/\/vdl-dev.coodesoft.com.ar\/index.php\/wp-json\/wp\/v2\/posts\/3645\/revisions"}],"predecessor-version":[{"id":3646,"href":"https:\/\/vdl-dev.coodesoft.com.ar\/index.php\/wp-json\/wp\/v2\/posts\/3645\/revisions\/3646"}],"wp:featuredmedia":[{"embeddable":true,"href":"https:\/\/vdl-dev.coodesoft.com.ar\/index.php\/wp-json\/wp\/v2\/media\/3263"}],"wp:attachment":[{"href":"https:\/\/vdl-dev.coodesoft.com.ar\/index.php\/wp-json\/wp\/v2\/media?parent=3645"}],"wp:term":[{"taxonomy":"category","embeddable":true,"href":"https:\/\/vdl-dev.coodesoft.com.ar\/index.php\/wp-json\/wp\/v2\/categories?post=3645"},{"taxonomy":"post_tag","embeddable":true,"href":"https:\/\/vdl-dev.coodesoft.com.ar\/index.php\/wp-json\/wp\/v2\/tags?post=3645"}],"curies":[{"name":"wp","href":"https:\/\/api.w.org\/{rel}","templated":true}]}}