{"id":3656,"date":"2021-09-07T14:28:16","date_gmt":"2021-09-07T17:28:16","guid":{"rendered":"http:\/\/vocesdellangueyu.com.ar\/?p=3656"},"modified":"2021-09-07T14:28:17","modified_gmt":"2021-09-07T17:28:17","slug":"el-concejo-deliberante-sesiono-con-acuerdos-de-los-bloques-en-todos-los-temas-abordados","status":"publish","type":"post","link":"https:\/\/vdl-dev.coodesoft.com.ar\/index.php\/2021\/09\/07\/el-concejo-deliberante-sesiono-con-acuerdos-de-los-bloques-en-todos-los-temas-abordados\/","title":{"rendered":"EL CONCEJO DELIBERANTE SESION\u00d3 CON ACUERDOS DE LOS BLOQUES EN TODOS LOS TEMAS ABORDADOS"},"content":{"rendered":"\n<p><\/p>\n\n\n\n<p>El Concejo\nDeliberante aprob\u00f3 esta ma\u00f1ana por unanimidad, en la primera sesi\u00f3n Ordinaria\nde este mes que se extendi\u00f3 por algo m\u00e1s de una hora, un listado de varios\ntemas que no arrojaron demasiados roces a pocos d\u00edas de las elecciones\nPrimarias del domingo pr\u00f3ximo.<\/p>\n\n\n\n<p>Entre los\nprincipales temas, sobresalen una Resoluci\u00f3n dirigida a las autoridades del\nsistema financiero y bancario para que eviten las estafas virtuales y que\nadem\u00e1s brinden asistencia legal sin cargo para el damnificado y que se\nincrementen las medidas paras esclarecer los hechos; y una Comunicaci\u00f3n en la\nque&nbsp; le solicitan al Departamento\nEjecutivo local que se instrumente una Resoluci\u00f3n sancionada en 2019 que aborda\nla problem\u00e1tica del acoso callejero.<\/p>\n\n\n\n<p>Adem\u00e1s\ntambi\u00e9n acordaron prorrogar hasta el 31\/12\/2022 el plazo para construir a\nbeneficiarios de los cr\u00e9ditos PROCREAR que hayan sido adjudicatarios de lotes\nmunicipales.<\/p>\n\n\n\n<p>El\nDeliberativo sancion\u00f3 un pedido a la legislatura de la Provincia y la Direcci\u00f3n\nGeneral de Cultura y Educaci\u00f3n bonaerense para que se establezca como obligatoria\nla ense\u00f1anza de la lengua de se\u00f1as, y otro destinado Departamento Ejecutivo\nMunicipal para que implemente en edificios con acceso al p\u00fablico y en espacios\nde uso p\u00fablico municipal sistemas alternativos y aumentativos de comunicaci\u00f3n\npara personas con alguna discapacidad. <\/p>\n","protected":false},"excerpt":{"rendered":"<p>El Concejo Deliberante aprob\u00f3 esta ma\u00f1ana por unanimidad, en la primera sesi\u00f3n Ordinaria de este mes que se extendi\u00f3 por algo m\u00e1s de una hora, un listado de varios temas que no arrojaron demasiados roces a pocos d\u00edas de las elecciones Primarias del domingo pr\u00f3ximo. Entre los principales temas, sobresalen una Resoluci\u00f3n dirigida a las [&hellip;]<\/p>\n","protected":false},"author":4,"featured_media":3657,"comment_status":"open","ping_status":"open","sticky":false,"template":"","format":"standard","meta":{"spay_email":"","jetpack_publicize_message":""},"categories":[17,11],"tags":[],"jetpack_featured_media_url":"https:\/\/vdl-dev.coodesoft.com.ar\/wp-content\/uploads\/2021\/09\/concejo-delibernate.jpg","jetpack_publicize_connections":[],"jetpack_sharing_enabled":true,"jetpack_shortlink":"https:\/\/wp.me\/paQJuC-WY","_links":{"self":[{"href":"https:\/\/vdl-dev.coodesoft.com.ar\/index.php\/wp-json\/wp\/v2\/posts\/3656"}],"collection":[{"href":"https:\/\/vdl-dev.coodesoft.com.ar\/index.php\/wp-json\/wp\/v2\/posts"}],"about":[{"href":"https:\/\/vdl-dev.coodesoft.com.ar\/index.php\/wp-json\/wp\/v2\/types\/post"}],"author":[{"embeddable":true,"href":"https:\/\/vdl-dev.coodesoft.com.ar\/index.php\/wp-json\/wp\/v2\/users\/4"}],"replies":[{"embeddable":true,"href":"https:\/\/vdl-dev.coodesoft.com.ar\/index.php\/wp-json\/wp\/v2\/comments?post=3656"}],"version-history":[{"count":1,"href":"https:\/\/vdl-dev.coodesoft.com.ar\/index.php\/wp-json\/wp\/v2\/posts\/3656\/revisions"}],"predecessor-version":[{"id":3658,"href":"https:\/\/vdl-dev.coodesoft.com.ar\/index.php\/wp-json\/wp\/v2\/posts\/3656\/revisions\/3658"}],"wp:featuredmedia":[{"embeddable":true,"href":"https:\/\/vdl-dev.coodesoft.com.ar\/index.php\/wp-json\/wp\/v2\/media\/3657"}],"wp:attachment":[{"href":"https:\/\/vdl-dev.coodesoft.com.ar\/index.php\/wp-json\/wp\/v2\/media?parent=3656"}],"wp:term":[{"taxonomy":"category","embeddable":true,"href":"https:\/\/vdl-dev.coodesoft.com.ar\/index.php\/wp-json\/wp\/v2\/categories?post=3656"},{"taxonomy":"post_tag","embeddable":true,"href":"https:\/\/vdl-dev.coodesoft.com.ar\/index.php\/wp-json\/wp\/v2\/tags?post=3656"}],"curies":[{"name":"wp","href":"https:\/\/api.w.org\/{rel}","templated":true}]}}